{"id":2787,"date":"2025-07-04T17:43:00","date_gmt":"2025-07-04T15:43:00","guid":{"rendered":"https:\/\/dialogbrhv.de\/?p=2787"},"modified":"2025-10-09T21:17:09","modified_gmt":"2025-10-09T19:17:09","slug":"impressionen-vom-sommerfest-2025","status":"publish","type":"post","link":"https:\/\/dialogbrhv.de\/index.php\/2025\/07\/04\/impressionen-vom-sommerfest-2025\/","title":{"rendered":"Impressionen vom Sommerfest 2025"},"content":{"rendered":"\n<p>Am 21. Juni 2025 verwandelte sich unser Au\u00dfengel\u00e4nde in der Hansastra\u00dfe 2a in einen lebendigen Treffpunkt der Kulturen. Unter dem Motto \u201eF\u00fcr eine offene und solidarische Gesellschaft im Dialog\u201c kamen Nachbarinnen, Familien und Freundeskreise aus ganz Bremerhaven zusammen. Musik aus verschiedenen L\u00e4ndern, ein buntes Kinderprogramm, gemeinsames Essen aus aller Welt und viele Begegnungen machten deutlich, wie Vielfalt verbinden kann. Das Fest bildete zugleich den stimmungsvollen Abschluss des \u201eTags der offenen Gesellschaft\u201c in Bremerhaven und zeigte eindrucksvoll, dass Offenheit, Austausch und gemeinsames Feiern die beste Grundlage f\u00fcr eine solidarische Gemeinschaft sind.<\/p>\n<p>Gef\u00f6rdert wurde das Fest durch das Landesprogramm Lebendige\u00a0Quartiere.<\/p>\n<p>\u00a0<\/p>\n\n\n\n<div class=\"wp-block-jetpack-slideshow aligncenter\" data-autoplay=\"true\" data-delay=\"3\" data-effect=\"slide\"><div class=\"wp-block-jetpack-slideshow_container swiper-container\"><ul class=\"wp-block-jetpack-slideshow_swiper-wrapper swiper-wrapper\"><li class=\"wp-block-jetpack-slideshow_slide swiper-slide\"><figure><img loading=\"lazy\" width=\"1024\" height=\"650\" alt=\"\" class=\"wp-block-jetpack-slideshow_image wp-image-2792\" data-id=\"2792\" src=\"https:\/\/dialogbrhv.de\/wp-content\/uploads\/2025\/09\/sommerfest_2025_dialog_gleiche_rechte_foto4-1024x650.jpeg\" srcset=\"https:\/\/dialogbrhv.de\/wp-content\/uploads\/2025\/09\/sommerfest_2025_dialog_gleiche_rechte_foto4-1024x650.jpeg 1024w, https:\/\/dialogbrhv.de\/wp-content\/uploads\/2025\/09\/sommerfest_2025_dialog_gleiche_rechte_foto4-300x190.jpeg 300w, https:\/\/dialogbrhv.de\/wp-content\/uploads\/2025\/09\/sommerfest_2025_dialog_gleiche_rechte_foto4-150x95.jpeg 150w, https:\/\/dialogbrhv.de\/wp-content\/uploads\/2025\/09\/sommerfest_2025_dialog_gleiche_rechte_foto4-768x487.jpeg 768w, https:\/\/dialogbrhv.de\/wp-content\/uploads\/2025\/09\/sommerfest_2025_dialog_gleiche_rechte_foto4-1536x974.jpeg 1536w, https:\/\/dialogbrhv.de\/wp-content\/uploads\/2025\/09\/sommerfest_2025_dialog_gleiche_rechte_foto4-360x230.jpeg 360w, https:\/\/dialogbrhv.de\/wp-content\/uploads\/2025\/09\/sommerfest_2025_dialog_gleiche_rechte_foto4-600x380.jpeg 600w, https:\/\/dialogbrhv.de\/wp-content\/uploads\/2025\/09\/sommerfest_2025_dialog_gleiche_rechte_foto4.jpeg 1540w\" sizes=\"(max-width: 1024px) 100vw, 1024px\" \/><\/figure><\/li><li class=\"wp-block-jetpack-slideshow_slide swiper-slide\"><figure><img loading=\"lazy\" width=\"830\" height=\"1024\" alt=\"\" class=\"wp-block-jetpack-slideshow_image wp-image-2791\" data-id=\"2791\" src=\"https:\/\/dialogbrhv.de\/wp-content\/uploads\/2025\/09\/sommerfest_2025_dialog_gleiche_rechte_foto3-830x1024.jpeg\" srcset=\"https:\/\/dialogbrhv.de\/wp-content\/uploads\/2025\/09\/sommerfest_2025_dialog_gleiche_rechte_foto3-830x1024.jpeg 830w, https:\/\/dialogbrhv.de\/wp-content\/uploads\/2025\/09\/sommerfest_2025_dialog_gleiche_rechte_foto3-243x300.jpeg 243w, https:\/\/dialogbrhv.de\/wp-content\/uploads\/2025\/09\/sommerfest_2025_dialog_gleiche_rechte_foto3-122x150.jpeg 122w, https:\/\/dialogbrhv.de\/wp-content\/uploads\/2025\/09\/sommerfest_2025_dialog_gleiche_rechte_foto3-768x948.jpeg 768w, https:\/\/dialogbrhv.de\/wp-content\/uploads\/2025\/09\/sommerfest_2025_dialog_gleiche_rechte_foto3.jpeg 944w\" sizes=\"(max-width: 830px) 100vw, 830px\" \/><\/figure><\/li><li class=\"wp-block-jetpack-slideshow_slide swiper-slide\"><figure><img loading=\"lazy\" width=\"1024\" height=\"600\" alt=\"\" class=\"wp-block-jetpack-slideshow_image wp-image-2790\" data-id=\"2790\" src=\"https:\/\/dialogbrhv.de\/wp-content\/uploads\/2025\/09\/sommerfest_2025_dialog_gleiche_rechte_foto2-1024x600.jpeg\" srcset=\"https:\/\/dialogbrhv.de\/wp-content\/uploads\/2025\/09\/sommerfest_2025_dialog_gleiche_rechte_foto2-1024x600.jpeg 1024w, https:\/\/dialogbrhv.de\/wp-content\/uploads\/2025\/09\/sommerfest_2025_dialog_gleiche_rechte_foto2-300x176.jpeg 300w, https:\/\/dialogbrhv.de\/wp-content\/uploads\/2025\/09\/sommerfest_2025_dialog_gleiche_rechte_foto2-150x88.jpeg 150w, https:\/\/dialogbrhv.de\/wp-content\/uploads\/2025\/09\/sommerfest_2025_dialog_gleiche_rechte_foto2-768x450.jpeg 768w, https:\/\/dialogbrhv.de\/wp-content\/uploads\/2025\/09\/sommerfest_2025_dialog_gleiche_rechte_foto2.jpeg 1399w\" sizes=\"(max-width: 1024px) 100vw, 1024px\" \/><\/figure><\/li><li class=\"wp-block-jetpack-slideshow_slide swiper-slide\"><figure><img loading=\"lazy\" width=\"1024\" height=\"589\" alt=\"\" class=\"wp-block-jetpack-slideshow_image wp-image-2794\" data-id=\"2794\" src=\"https:\/\/dialogbrhv.de\/wp-content\/uploads\/2025\/09\/sommerfest_2025_dialog_gleiche_rechte_foto6-1024x589.jpeg\" srcset=\"https:\/\/dialogbrhv.de\/wp-content\/uploads\/2025\/09\/sommerfest_2025_dialog_gleiche_rechte_foto6-1024x589.jpeg 1024w, https:\/\/dialogbrhv.de\/wp-content\/uploads\/2025\/09\/sommerfest_2025_dialog_gleiche_rechte_foto6-300x173.jpeg 300w, https:\/\/dialogbrhv.de\/wp-content\/uploads\/2025\/09\/sommerfest_2025_dialog_gleiche_rechte_foto6-150x86.jpeg 150w, https:\/\/dialogbrhv.de\/wp-content\/uploads\/2025\/09\/sommerfest_2025_dialog_gleiche_rechte_foto6-768x442.jpeg 768w, https:\/\/dialogbrhv.de\/wp-content\/uploads\/2025\/09\/sommerfest_2025_dialog_gleiche_rechte_foto6-1536x884.jpeg 1536w, https:\/\/dialogbrhv.de\/wp-content\/uploads\/2025\/09\/sommerfest_2025_dialog_gleiche_rechte_foto6.jpeg 1583w\" sizes=\"(max-width: 1024px) 100vw, 1024px\" \/><\/figure><\/li><li class=\"wp-block-jetpack-slideshow_slide swiper-slide\"><figure><img loading=\"lazy\" width=\"1024\" height=\"768\" alt=\"\" class=\"wp-block-jetpack-slideshow_image wp-image-2793\" data-id=\"2793\" src=\"https:\/\/dialogbrhv.de\/wp-content\/uploads\/2025\/09\/sommerfest_2025_dialog_gleiche_rechte_foto5-1024x768.jpeg\" srcset=\"https:\/\/dialogbrhv.de\/wp-content\/uploads\/2025\/09\/sommerfest_2025_dialog_gleiche_rechte_foto5-1024x768.jpeg 1024w, https:\/\/dialogbrhv.de\/wp-content\/uploads\/2025\/09\/sommerfest_2025_dialog_gleiche_rechte_foto5-300x225.jpeg 300w, https:\/\/dialogbrhv.de\/wp-content\/uploads\/2025\/09\/sommerfest_2025_dialog_gleiche_rechte_foto5-150x113.jpeg 150w, https:\/\/dialogbrhv.de\/wp-content\/uploads\/2025\/09\/sommerfest_2025_dialog_gleiche_rechte_foto5-768x576.jpeg 768w, https:\/\/dialogbrhv.de\/wp-content\/uploads\/2025\/09\/sommerfest_2025_dialog_gleiche_rechte_foto5-1536x1152.jpeg 1536w, https:\/\/dialogbrhv.de\/wp-content\/uploads\/2025\/09\/sommerfest_2025_dialog_gleiche_rechte_foto5.jpeg 1600w\" sizes=\"(max-width: 1024px) 100vw, 1024px\" \/><\/figure><\/li><li class=\"wp-block-jetpack-slideshow_slide swiper-slide\"><figure><img loading=\"lazy\" width=\"1024\" height=\"539\" alt=\"\" class=\"wp-block-jetpack-slideshow_image wp-image-2795\" data-id=\"2795\" src=\"https:\/\/dialogbrhv.de\/wp-content\/uploads\/2025\/09\/sommerfest_2025_dialog_gleiche_rechte_foto7-1024x539.jpeg\" srcset=\"https:\/\/dialogbrhv.de\/wp-content\/uploads\/2025\/09\/sommerfest_2025_dialog_gleiche_rechte_foto7-1024x539.jpeg 1024w, https:\/\/dialogbrhv.de\/wp-content\/uploads\/2025\/09\/sommerfest_2025_dialog_gleiche_rechte_foto7-300x158.jpeg 300w, https:\/\/dialogbrhv.de\/wp-content\/uploads\/2025\/09\/sommerfest_2025_dialog_gleiche_rechte_foto7-150x79.jpeg 150w, https:\/\/dialogbrhv.de\/wp-content\/uploads\/2025\/09\/sommerfest_2025_dialog_gleiche_rechte_foto7-768x404.jpeg 768w, https:\/\/dialogbrhv.de\/wp-content\/uploads\/2025\/09\/sommerfest_2025_dialog_gleiche_rechte_foto7-1536x808.jpeg 1536w, https:\/\/dialogbrhv.de\/wp-content\/uploads\/2025\/09\/sommerfest_2025_dialog_gleiche_rechte_foto7.jpeg 1600w\" sizes=\"(max-width: 1024px) 100vw, 1024px\" \/><\/figure><\/li><li class=\"wp-block-jetpack-slideshow_slide swiper-slide\"><figure><img loading=\"lazy\" width=\"1024\" height=\"842\" alt=\"\" class=\"wp-block-jetpack-slideshow_image wp-image-2789\" data-id=\"2789\" src=\"https:\/\/dialogbrhv.de\/wp-content\/uploads\/2025\/09\/sommerfest_2025_dialog_gleiche_rechte_foto1-1024x842.jpeg\" srcset=\"https:\/\/dialogbrhv.de\/wp-content\/uploads\/2025\/09\/sommerfest_2025_dialog_gleiche_rechte_foto1-1024x842.jpeg 1024w, https:\/\/dialogbrhv.de\/wp-content\/uploads\/2025\/09\/sommerfest_2025_dialog_gleiche_rechte_foto1-300x247.jpeg 300w, https:\/\/dialogbrhv.de\/wp-content\/uploads\/2025\/09\/sommerfest_2025_dialog_gleiche_rechte_foto1-150x123.jpeg 150w, https:\/\/dialogbrhv.de\/wp-content\/uploads\/2025\/09\/sommerfest_2025_dialog_gleiche_rechte_foto1-768x632.jpeg 768w, https:\/\/dialogbrhv.de\/wp-content\/uploads\/2025\/09\/sommerfest_2025_dialog_gleiche_rechte_foto1.jpeg 1200w\" sizes=\"(max-width: 1024px) 100vw, 1024px\" \/><\/figure><\/li><\/ul><a class=\"wp-block-jetpack-slideshow_button-prev swiper-button-prev swiper-button-white\" role=\"button\"><\/a><a class=\"wp-block-jetpack-slideshow_button-next swiper-button-next swiper-button-white\" role=\"button\"><\/a><a aria-label=\"Pause Slideshow\" class=\"wp-block-jetpack-slideshow_button-pause\" role=\"button\"><\/a><div class=\"wp-block-jetpack-slideshow_pagination swiper-pagination swiper-pagination-white\"><\/div><\/div><\/div>\n","protected":false},"excerpt":{"rendered":"<p>Am 21. Juni 2025 verwandelte sich unser Au\u00dfengel\u00e4nde in der Hansastra\u00dfe 2a in einen lebendigen Treffpunkt der Kulturen. Unter dem Motto \u201eF\u00fcr eine offene und solidarische Gesellschaft im Dialog\u201c kamen Nachbarinnen, Familien und Freundeskreise aus ganz Bremerhaven zusammen. Musik aus verschiedenen L\u00e4ndern, ein buntes Kinderprogramm, gemeinsames Essen aus aller Welt und viele Begegnungen machten deutlich, wie Vielfalt verbinden kann. Das Fest bildete zugleich den stimmungsvollen Abschluss des \u201eTags der offenen Gesellschaft\u201c in Bremerhaven und zeigte eindrucksvoll, dass Offenheit, Austausch und gemeinsames Feiern die beste Grundlage f\u00fcr eine solidarische Gemeinschaft sind.<\/p>\n","protected":false},"author":6,"featured_media":712,"comment_status":"closed","ping_status":"closed","sticky":true,"template":"","format":"standard","meta":{"_coblocks_attr":"","_coblocks_dimensions":"","_coblocks_responsive_height":"","_coblocks_accordion_ie_support":"","inline_featured_image":false,"spay_email":"","jetpack_publicize_message":"","jetpack_is_tweetstorm":false,"jetpack_publicize_feature_enabled":true},"categories":[9,33,6],"tags":[],"yoast_head":"<!-- This site is optimized with the Yoast SEO plugin v18.3 - https:\/\/yoast.com\/wordpress\/plugins\/seo\/ -->\n<title>Impressionen vom Sommerfest 2025 - Dialog - Verein f\u00fcr gleiche Rechte e.V.<\/title>\n<meta name=\"description\" content=\"Am 21. Juni 2025 verwandelte sich unser Au\u00dfengel\u00e4nde in der Hansastra\u00dfe 2a in einen lebendigen Treffpunkt der Kulturen. Unter dem Motto \u201eF\u00fcr eine offene und solidarische Gesellschaft im Dialog\u201c kamen Nachbarinnen, Familien und Freundeskreise aus ganz Bremerhaven zusammen. Musik aus verschiedenen L\u00e4ndern, ein buntes Kinderprogramm, gemeinsames Essen aus aller Welt und viele Begegnungen machten deutlich, wie Vielfalt verbinden kann. Das Fest bildete zugleich den stimmungsvollen Abschluss des \u201eTags der offenen Gesellschaft\u201c in Bremerhaven und zeigte eindrucksvoll, dass Offenheit, Austausch und gemeinsames Feiern die beste Grundlage f\u00fcr eine solidarische Gemeinschaft sind.\" \/>\n<meta name=\"robots\" content=\"index, follow, max-snippet:-1, max-image-preview:large, max-video-preview:-1\" \/>\n<link rel=\"canonical\" href=\"https:\/\/dialogbrhv.de\/index.php\/2025\/07\/04\/impressionen-vom-sommerfest-2025\/\" \/>\n<meta property=\"og:locale\" content=\"de_DE\" \/>\n<meta property=\"og:type\" content=\"article\" \/>\n<meta property=\"og:title\" content=\"Impressionen vom Sommerfest 2025 - Dialog - Verein f\u00fcr gleiche Rechte e.V.\" \/>\n<meta property=\"og:description\" content=\"Am 21. Juni 2025 verwandelte sich unser Au\u00dfengel\u00e4nde in der Hansastra\u00dfe 2a in einen lebendigen Treffpunkt der Kulturen. Unter dem Motto \u201eF\u00fcr eine offene und solidarische Gesellschaft im Dialog\u201c kamen Nachbarinnen, Familien und Freundeskreise aus ganz Bremerhaven zusammen. Musik aus verschiedenen L\u00e4ndern, ein buntes Kinderprogramm, gemeinsames Essen aus aller Welt und viele Begegnungen machten deutlich, wie Vielfalt verbinden kann. Das Fest bildete zugleich den stimmungsvollen Abschluss des \u201eTags der offenen Gesellschaft\u201c in Bremerhaven und zeigte eindrucksvoll, dass Offenheit, Austausch und gemeinsames Feiern die beste Grundlage f\u00fcr eine solidarische Gemeinschaft sind.\" \/>\n<meta property=\"og:url\" content=\"https:\/\/dialogbrhv.de\/index.php\/2025\/07\/04\/impressionen-vom-sommerfest-2025\/\" \/>\n<meta property=\"og:site_name\" content=\"Dialog - Verein f\u00fcr gleiche Rechte e.V.\" \/>\n<meta property=\"article:published_time\" content=\"2025-07-04T15:43:00+00:00\" \/>\n<meta property=\"article:modified_time\" content=\"2025-10-09T19:17:09+00:00\" \/>\n<meta name=\"twitter:card\" content=\"summary_large_image\" \/>\n<meta name=\"twitter:image\" content=\"https:\/\/dialogbrhv.de\/wp-content\/uploads\/2022\/03\/dialog_logo_300dpi.svg\" \/>\n<meta name=\"twitter:label1\" content=\"Verfasst von\" \/>\n\t<meta name=\"twitter:data1\" content=\"Webmaster\" \/>\n\t<meta name=\"twitter:label2\" content=\"Gesch\u00e4tzte Lesezeit\" \/>\n\t<meta name=\"twitter:data2\" content=\"2 Minuten\" \/>\n<script type=\"application\/ld+json\" class=\"yoast-schema-graph\">{\"@context\":\"https:\/\/schema.org\",\"@graph\":[{\"@type\":\"Organization\",\"@id\":\"http:\/\/dialogbrhv.de\/#organization\",\"name\":\"DIALOG - Verein f\u00fcr gleiche Rechte e.V.\",\"url\":\"http:\/\/dialogbrhv.de\/\",\"sameAs\":[],\"logo\":{\"@type\":\"ImageObject\",\"@id\":\"http:\/\/dialogbrhv.de\/#logo\",\"inLanguage\":\"de-DE\",\"url\":\"https:\/\/dialogbrhv.de\/wp-content\/uploads\/2019\/09\/dialog_logo_v3.0_text_ausrichtungen_grundvorlage_dialog_normal_textstil1_17cm_stern_globus.svg_.png\",\"contentUrl\":\"https:\/\/dialogbrhv.de\/wp-content\/uploads\/2019\/09\/dialog_logo_v3.0_text_ausrichtungen_grundvorlage_dialog_normal_textstil1_17cm_stern_globus.svg_.png\",\"width\":211,\"height\":214,\"caption\":\"DIALOG - Verein f\u00fcr gleiche Rechte e.V.\"},\"image\":{\"@id\":\"http:\/\/dialogbrhv.de\/#logo\"}},{\"@type\":\"WebSite\",\"@id\":\"http:\/\/dialogbrhv.de\/#website\",\"url\":\"http:\/\/dialogbrhv.de\/\",\"name\":\"Dialog - Verein f\u00fcr gleiche Rechte e.V.\",\"description\":\"\",\"publisher\":{\"@id\":\"http:\/\/dialogbrhv.de\/#organization\"},\"potentialAction\":[{\"@type\":\"SearchAction\",\"target\":{\"@type\":\"EntryPoint\",\"urlTemplate\":\"http:\/\/dialogbrhv.de\/?s={search_term_string}\"},\"query-input\":\"required name=search_term_string\"}],\"inLanguage\":\"de-DE\"},{\"@type\":\"ImageObject\",\"@id\":\"https:\/\/dialogbrhv.de\/index.php\/2025\/07\/04\/impressionen-vom-sommerfest-2025\/#primaryimage\",\"inLanguage\":\"de-DE\",\"url\":\"https:\/\/dialogbrhv.de\/wp-content\/uploads\/2022\/03\/dialog_logo_300dpi.svg\",\"contentUrl\":\"https:\/\/dialogbrhv.de\/wp-content\/uploads\/2022\/03\/dialog_logo_300dpi.svg\",\"width\":210,\"height\":210,\"caption\":\"Dialog - Verein f\u00fcr gleiche Rechte e. V.\"},{\"@type\":\"WebPage\",\"@id\":\"https:\/\/dialogbrhv.de\/index.php\/2025\/07\/04\/impressionen-vom-sommerfest-2025\/#webpage\",\"url\":\"https:\/\/dialogbrhv.de\/index.php\/2025\/07\/04\/impressionen-vom-sommerfest-2025\/\",\"name\":\"Impressionen vom Sommerfest 2025 - Dialog - Verein f\u00fcr gleiche Rechte e.V.\",\"isPartOf\":{\"@id\":\"http:\/\/dialogbrhv.de\/#website\"},\"primaryImageOfPage\":{\"@id\":\"https:\/\/dialogbrhv.de\/index.php\/2025\/07\/04\/impressionen-vom-sommerfest-2025\/#primaryimage\"},\"datePublished\":\"2025-07-04T15:43:00+00:00\",\"dateModified\":\"2025-10-09T19:17:09+00:00\",\"description\":\"Am 21. Juni 2025 verwandelte sich unser Au\u00dfengel\u00e4nde in der Hansastra\u00dfe 2a in einen lebendigen Treffpunkt der Kulturen. Unter dem Motto \u201eF\u00fcr eine offene und solidarische Gesellschaft im Dialog\u201c kamen Nachbarinnen, Familien und Freundeskreise aus ganz Bremerhaven zusammen. Musik aus verschiedenen L\u00e4ndern, ein buntes Kinderprogramm, gemeinsames Essen aus aller Welt und viele Begegnungen machten deutlich, wie Vielfalt verbinden kann. Das Fest bildete zugleich den stimmungsvollen Abschluss des \u201eTags der offenen Gesellschaft\u201c in Bremerhaven und zeigte eindrucksvoll, dass Offenheit, Austausch und gemeinsames Feiern die beste Grundlage f\u00fcr eine solidarische Gemeinschaft sind.\",\"breadcrumb\":{\"@id\":\"https:\/\/dialogbrhv.de\/index.php\/2025\/07\/04\/impressionen-vom-sommerfest-2025\/#breadcrumb\"},\"inLanguage\":\"de-DE\",\"potentialAction\":[{\"@type\":\"ReadAction\",\"target\":[\"https:\/\/dialogbrhv.de\/index.php\/2025\/07\/04\/impressionen-vom-sommerfest-2025\/\"]}]},{\"@type\":\"BreadcrumbList\",\"@id\":\"https:\/\/dialogbrhv.de\/index.php\/2025\/07\/04\/impressionen-vom-sommerfest-2025\/#breadcrumb\",\"itemListElement\":[{\"@type\":\"ListItem\",\"position\":1,\"name\":\"Startseite\",\"item\":\"http:\/\/dialogbrhv.de\/\"},{\"@type\":\"ListItem\",\"position\":2,\"name\":\"Impressionen vom Sommerfest 2025\"}]},{\"@type\":\"Article\",\"@id\":\"https:\/\/dialogbrhv.de\/index.php\/2025\/07\/04\/impressionen-vom-sommerfest-2025\/#article\",\"isPartOf\":{\"@id\":\"https:\/\/dialogbrhv.de\/index.php\/2025\/07\/04\/impressionen-vom-sommerfest-2025\/#webpage\"},\"author\":{\"@id\":\"http:\/\/dialogbrhv.de\/#\/schema\/person\/f3a463a30592a39e561e4e43d7a25364\"},\"headline\":\"Impressionen vom Sommerfest 2025\",\"datePublished\":\"2025-07-04T15:43:00+00:00\",\"dateModified\":\"2025-10-09T19:17:09+00:00\",\"mainEntityOfPage\":{\"@id\":\"https:\/\/dialogbrhv.de\/index.php\/2025\/07\/04\/impressionen-vom-sommerfest-2025\/#webpage\"},\"wordCount\":107,\"publisher\":{\"@id\":\"http:\/\/dialogbrhv.de\/#organization\"},\"image\":{\"@id\":\"https:\/\/dialogbrhv.de\/index.php\/2025\/07\/04\/impressionen-vom-sommerfest-2025\/#primaryimage\"},\"thumbnailUrl\":\"https:\/\/dialogbrhv.de\/wp-content\/uploads\/2022\/03\/dialog_logo_300dpi.svg\",\"articleSection\":{\"0\":\"Aktuelles\",\"2\":\"Veranstaltungen\"},\"inLanguage\":\"de-DE\"},{\"@type\":\"Person\",\"@id\":\"http:\/\/dialogbrhv.de\/#\/schema\/person\/f3a463a30592a39e561e4e43d7a25364\",\"name\":\"Webmaster\",\"image\":{\"@type\":\"ImageObject\",\"@id\":\"http:\/\/dialogbrhv.de\/#personlogo\",\"inLanguage\":\"de-DE\",\"url\":\"https:\/\/dialogbrhv.de\/wp-content\/uploads\/2022\/03\/dialog_logo_300dpi.svg\",\"contentUrl\":\"https:\/\/dialogbrhv.de\/wp-content\/uploads\/2022\/03\/dialog_logo_300dpi.svg\",\"caption\":\"Webmaster\"},\"url\":\"https:\/\/dialogbrhv.de\/index.php\/author\/webmaster\/\"}]}<\/script>\n<!-- \/ Yoast SEO plugin. -->","yoast_head_json":{"title":"Impressionen vom Sommerfest 2025 - Dialog - Verein f\u00fcr gleiche Rechte e.V.","description":"Am 21. Juni 2025 verwandelte sich unser Au\u00dfengel\u00e4nde in der Hansastra\u00dfe 2a in einen lebendigen Treffpunkt der Kulturen. Unter dem Motto \u201eF\u00fcr eine offene und solidarische Gesellschaft im Dialog\u201c kamen Nachbarinnen, Familien und Freundeskreise aus ganz Bremerhaven zusammen. Musik aus verschiedenen L\u00e4ndern, ein buntes Kinderprogramm, gemeinsames Essen aus aller Welt und viele Begegnungen machten deutlich, wie Vielfalt verbinden kann. Das Fest bildete zugleich den stimmungsvollen Abschluss des \u201eTags der offenen Gesellschaft\u201c in Bremerhaven und zeigte eindrucksvoll, dass Offenheit, Austausch und gemeinsames Feiern die beste Grundlage f\u00fcr eine solidarische Gemeinschaft sind.","robots":{"index":"index","follow":"follow","max-snippet":"max-snippet:-1","max-image-preview":"max-image-preview:large","max-video-preview":"max-video-preview:-1"},"canonical":"https:\/\/dialogbrhv.de\/index.php\/2025\/07\/04\/impressionen-vom-sommerfest-2025\/","og_locale":"de_DE","og_type":"article","og_title":"Impressionen vom Sommerfest 2025 - Dialog - Verein f\u00fcr gleiche Rechte e.V.","og_description":"Am 21. Juni 2025 verwandelte sich unser Au\u00dfengel\u00e4nde in der Hansastra\u00dfe 2a in einen lebendigen Treffpunkt der Kulturen. Unter dem Motto \u201eF\u00fcr eine offene und solidarische Gesellschaft im Dialog\u201c kamen Nachbarinnen, Familien und Freundeskreise aus ganz Bremerhaven zusammen. Musik aus verschiedenen L\u00e4ndern, ein buntes Kinderprogramm, gemeinsames Essen aus aller Welt und viele Begegnungen machten deutlich, wie Vielfalt verbinden kann. Das Fest bildete zugleich den stimmungsvollen Abschluss des \u201eTags der offenen Gesellschaft\u201c in Bremerhaven und zeigte eindrucksvoll, dass Offenheit, Austausch und gemeinsames Feiern die beste Grundlage f\u00fcr eine solidarische Gemeinschaft sind.","og_url":"https:\/\/dialogbrhv.de\/index.php\/2025\/07\/04\/impressionen-vom-sommerfest-2025\/","og_site_name":"Dialog - Verein f\u00fcr gleiche Rechte e.V.","article_published_time":"2025-07-04T15:43:00+00:00","article_modified_time":"2025-10-09T19:17:09+00:00","twitter_card":"summary_large_image","twitter_image":"https:\/\/dialogbrhv.de\/wp-content\/uploads\/2022\/03\/dialog_logo_300dpi.svg","twitter_misc":{"Verfasst von":"Webmaster","Gesch\u00e4tzte Lesezeit":"2 Minuten"},"schema":{"@context":"https:\/\/schema.org","@graph":[{"@type":"Organization","@id":"http:\/\/dialogbrhv.de\/#organization","name":"DIALOG - Verein f\u00fcr gleiche Rechte e.V.","url":"http:\/\/dialogbrhv.de\/","sameAs":[],"logo":{"@type":"ImageObject","@id":"http:\/\/dialogbrhv.de\/#logo","inLanguage":"de-DE","url":"https:\/\/dialogbrhv.de\/wp-content\/uploads\/2019\/09\/dialog_logo_v3.0_text_ausrichtungen_grundvorlage_dialog_normal_textstil1_17cm_stern_globus.svg_.png","contentUrl":"https:\/\/dialogbrhv.de\/wp-content\/uploads\/2019\/09\/dialog_logo_v3.0_text_ausrichtungen_grundvorlage_dialog_normal_textstil1_17cm_stern_globus.svg_.png","width":211,"height":214,"caption":"DIALOG - Verein f\u00fcr gleiche Rechte e.V."},"image":{"@id":"http:\/\/dialogbrhv.de\/#logo"}},{"@type":"WebSite","@id":"http:\/\/dialogbrhv.de\/#website","url":"http:\/\/dialogbrhv.de\/","name":"Dialog - Verein f\u00fcr gleiche Rechte e.V.","description":"","publisher":{"@id":"http:\/\/dialogbrhv.de\/#organization"},"potentialAction":[{"@type":"SearchAction","target":{"@type":"EntryPoint","urlTemplate":"http:\/\/dialogbrhv.de\/?s={search_term_string}"},"query-input":"required name=search_term_string"}],"inLanguage":"de-DE"},{"@type":"ImageObject","@id":"https:\/\/dialogbrhv.de\/index.php\/2025\/07\/04\/impressionen-vom-sommerfest-2025\/#primaryimage","inLanguage":"de-DE","url":"https:\/\/dialogbrhv.de\/wp-content\/uploads\/2022\/03\/dialog_logo_300dpi.svg","contentUrl":"https:\/\/dialogbrhv.de\/wp-content\/uploads\/2022\/03\/dialog_logo_300dpi.svg","width":210,"height":210,"caption":"Dialog - Verein f\u00fcr gleiche Rechte e. V."},{"@type":"WebPage","@id":"https:\/\/dialogbrhv.de\/index.php\/2025\/07\/04\/impressionen-vom-sommerfest-2025\/#webpage","url":"https:\/\/dialogbrhv.de\/index.php\/2025\/07\/04\/impressionen-vom-sommerfest-2025\/","name":"Impressionen vom Sommerfest 2025 - Dialog - Verein f\u00fcr gleiche Rechte e.V.","isPartOf":{"@id":"http:\/\/dialogbrhv.de\/#website"},"primaryImageOfPage":{"@id":"https:\/\/dialogbrhv.de\/index.php\/2025\/07\/04\/impressionen-vom-sommerfest-2025\/#primaryimage"},"datePublished":"2025-07-04T15:43:00+00:00","dateModified":"2025-10-09T19:17:09+00:00","description":"Am 21. Juni 2025 verwandelte sich unser Au\u00dfengel\u00e4nde in der Hansastra\u00dfe 2a in einen lebendigen Treffpunkt der Kulturen. Unter dem Motto \u201eF\u00fcr eine offene und solidarische Gesellschaft im Dialog\u201c kamen Nachbarinnen, Familien und Freundeskreise aus ganz Bremerhaven zusammen. Musik aus verschiedenen L\u00e4ndern, ein buntes Kinderprogramm, gemeinsames Essen aus aller Welt und viele Begegnungen machten deutlich, wie Vielfalt verbinden kann. Das Fest bildete zugleich den stimmungsvollen Abschluss des \u201eTags der offenen Gesellschaft\u201c in Bremerhaven und zeigte eindrucksvoll, dass Offenheit, Austausch und gemeinsames Feiern die beste Grundlage f\u00fcr eine solidarische Gemeinschaft sind.","breadcrumb":{"@id":"https:\/\/dialogbrhv.de\/index.php\/2025\/07\/04\/impressionen-vom-sommerfest-2025\/#breadcrumb"},"inLanguage":"de-DE","potentialAction":[{"@type":"ReadAction","target":["https:\/\/dialogbrhv.de\/index.php\/2025\/07\/04\/impressionen-vom-sommerfest-2025\/"]}]},{"@type":"BreadcrumbList","@id":"https:\/\/dialogbrhv.de\/index.php\/2025\/07\/04\/impressionen-vom-sommerfest-2025\/#breadcrumb","itemListElement":[{"@type":"ListItem","position":1,"name":"Startseite","item":"http:\/\/dialogbrhv.de\/"},{"@type":"ListItem","position":2,"name":"Impressionen vom Sommerfest 2025"}]},{"@type":"Article","@id":"https:\/\/dialogbrhv.de\/index.php\/2025\/07\/04\/impressionen-vom-sommerfest-2025\/#article","isPartOf":{"@id":"https:\/\/dialogbrhv.de\/index.php\/2025\/07\/04\/impressionen-vom-sommerfest-2025\/#webpage"},"author":{"@id":"http:\/\/dialogbrhv.de\/#\/schema\/person\/f3a463a30592a39e561e4e43d7a25364"},"headline":"Impressionen vom Sommerfest 2025","datePublished":"2025-07-04T15:43:00+00:00","dateModified":"2025-10-09T19:17:09+00:00","mainEntityOfPage":{"@id":"https:\/\/dialogbrhv.de\/index.php\/2025\/07\/04\/impressionen-vom-sommerfest-2025\/#webpage"},"wordCount":107,"publisher":{"@id":"http:\/\/dialogbrhv.de\/#organization"},"image":{"@id":"https:\/\/dialogbrhv.de\/index.php\/2025\/07\/04\/impressionen-vom-sommerfest-2025\/#primaryimage"},"thumbnailUrl":"https:\/\/dialogbrhv.de\/wp-content\/uploads\/2022\/03\/dialog_logo_300dpi.svg","articleSection":{"0":"Aktuelles","2":"Veranstaltungen"},"inLanguage":"de-DE"},{"@type":"Person","@id":"http:\/\/dialogbrhv.de\/#\/schema\/person\/f3a463a30592a39e561e4e43d7a25364","name":"Webmaster","image":{"@type":"ImageObject","@id":"http:\/\/dialogbrhv.de\/#personlogo","inLanguage":"de-DE","url":"https:\/\/dialogbrhv.de\/wp-content\/uploads\/2022\/03\/dialog_logo_300dpi.svg","contentUrl":"https:\/\/dialogbrhv.de\/wp-content\/uploads\/2022\/03\/dialog_logo_300dpi.svg","caption":"Webmaster"},"url":"https:\/\/dialogbrhv.de\/index.php\/author\/webmaster\/"}]}},"jetpack_featured_media_url":"https:\/\/dialogbrhv.de\/wp-content\/uploads\/2022\/03\/dialog_logo_300dpi.svg","jetpack_publicize_connections":[],"_links":{"self":[{"href":"https:\/\/dialogbrhv.de\/index.php\/wp-json\/wp\/v2\/posts\/2787"}],"collection":[{"href":"https:\/\/dialogbrhv.de\/index.php\/wp-json\/wp\/v2\/posts"}],"about":[{"href":"https:\/\/dialogbrhv.de\/index.php\/wp-json\/wp\/v2\/types\/post"}],"author":[{"embeddable":true,"href":"https:\/\/dialogbrhv.de\/index.php\/wp-json\/wp\/v2\/users\/6"}],"replies":[{"embeddable":true,"href":"https:\/\/dialogbrhv.de\/index.php\/wp-json\/wp\/v2\/comments?post=2787"}],"version-history":[{"count":4,"href":"https:\/\/dialogbrhv.de\/index.php\/wp-json\/wp\/v2\/posts\/2787\/revisions"}],"predecessor-version":[{"id":2819,"href":"https:\/\/dialogbrhv.de\/index.php\/wp-json\/wp\/v2\/posts\/2787\/revisions\/2819"}],"wp:featuredmedia":[{"embeddable":true,"href":"https:\/\/dialogbrhv.de\/index.php\/wp-json\/wp\/v2\/media\/712"}],"wp:attachment":[{"href":"https:\/\/dialogbrhv.de\/index.php\/wp-json\/wp\/v2\/media?parent=2787"}],"wp:term":[{"taxonomy":"category","embeddable":true,"href":"https:\/\/dialogbrhv.de\/index.php\/wp-json\/wp\/v2\/categories?post=2787"},{"taxonomy":"post_tag","embeddable":true,"href":"https:\/\/dialogbrhv.de\/index.php\/wp-json\/wp\/v2\/tags?post=2787"}],"curies":[{"name":"wp","href":"https:\/\/api.w.org\/{rel}","templated":true}]}}