{"id":2776,"date":"2025-06-06T17:52:00","date_gmt":"2025-06-06T15:52:00","guid":{"rendered":"https:\/\/dialogbrhv.de\/?p=2776"},"modified":"2025-07-01T22:22:37","modified_gmt":"2025-07-01T20:22:37","slug":"12-juni-der-welttag-gegen-die-kinderarbeit","status":"publish","type":"post","link":"https:\/\/dialogbrhv.de\/index.php\/2025\/06\/06\/12-juni-der-welttag-gegen-die-kinderarbeit\/","title":{"rendered":"12. Juni &#8211; der Welttag gegen die Kinderarbeit"},"content":{"rendered":"\n<p>Unter dem dunklen Himmel, die Erde und der Himmel sind von Eis umgeben, und in der kalten Luft atmeten wir den frostigen Atem ein, w\u00e4hrend wir unseren Blick auf die Stimme richteten. Ein Junge, zart gekleidet, etwa dreizehn oder vierzehn Jahre alt, spielte Fu\u00dfball.<\/p>\n<p>Bei dieser K\u00e4lte und zur Abendzeit fragte ich: &#8222;Was machst du hier, du wirst krank, spiel doch tags\u00fcber mit dem Ball.&#8220; Er antwortete: &#8222;Der Himmel ist sch\u00f6n, ich spiele auch abends, weil ich tags\u00fcber arbeite.&#8220; Er erz\u00e4hlte, dass er nach der Grundschule in einer Fabrik angefangen hatte zu arbeiten, dass sein Vater krank sei und er drei Geschwister habe.<\/p>\n<p>Er hatte den Ball gerade erst bekommen und wollte begeistert spielen. Er hatte sich in der Arbeit und im Familienleben abgem\u00fcht, aber trotzdem war er drau\u00dfen auf der Stra\u00dfe, um seine kindliche Freude zu bewahren. Das Gl\u00fcck, das auf seinem Gesicht lag, war so sch\u00f6n, dass es wie ein Gem\u00e4lde in \u00d6l h\u00e4tte festgehalten werden k\u00f6nnen. Wir haben Zeuge davon, wie er sein Kinderleben leben wollte. Seit diesem Tag hat sich die Zahl der Kinderarbeiter erh\u00f6ht. Die Bedingungen haben sich versch\u00e4rft. Heute k\u00f6nnen sich viele nicht einmal mehr einen Ball leisten. Die meisten Kinder, die unter sklaven\u00e4hnlichen Bedingungen arbeiten, verlieren wir fr\u00fchzeitig. Gegen die Ausbeutung von Kinderarbeit in unserem Land und weltweit werden seit 2002 am 12. Juni Aktionen durchgef\u00fchrt.<\/p>\n<p>UNICEF und die Internationale Arbeitsorganisation (ILO) rufen dazu auf, dass Kinder das Recht auf Leben, Lernen und Spielen haben, ohne in die Arbeitswelt eingebunden zu sein.Trotz all dieser Erkl\u00e4rungen und Programme der Staaten und Organisationen wird diese Situation vom Kapitalismus bewusst ignoriert und weitergef\u00fchrt.<\/p>\n<p>Die Gesetze definieren klar die Rechte und den Schutz von Kindern. Kinder sind die Zukunft unserer Gesellschaft; sie m\u00fcssen Zugang zu Gesundheit, Bildung und Schutz haben, um auf das Leben vorbereitet zu werden.<\/p>\n<p>In einer Welt, in der der r\u00fccksichtslose Kapitalismus immer mehr zunimmt, werden die Ressourcen, die Natur, die menschliche Arbeit \u2013 vor allem die Kinderarbeit \u2013 ohne R\u00fccksicht auf Verluste ausgebeutet, nur um die Interessen einer kleinen, superreichen Elite zu bedienen.<\/p>\n<p>Die Zahlen im Bereich der Kinderarbeit sind erschreckend. In der T\u00fcrkei im Jahr 2024:<\/p>\n<ul>\n<li>Gesamtzahl der Kinder im Alter von 15-17 Jahren: 3.894.000<\/li>\n<li>Anzahl der arbeitenden Kinder: 869.000<\/li>\n<li>Prozentsatz: 11,9 %<\/li>\n<li>Anteil der Jungen: 11,6 %<\/li>\n<li>Anteil der M\u00e4dchen: 12,7 %<\/li>\n<\/ul>\n<p>In den letzten vier Jahren (2021-2024):<\/p>\n<ul>\n<li>Anzahl der arbeitenden Kinder im Alter von 15-17 Jahren: zwischen 520.000 und 869.000<\/li>\n<li>Laut T\u00dc\u0130K-Daten &#8211; registrierte Kinder im Alter von 15-17 Jahren: 970.000<\/li>\n<\/ul>\n<p>In den Berufsausbildungszentren (MESEM) sind 540.000 Kinder als Arbeiter registriert. Die allgemeine Erwerbsbeteiligung der Kinder im Alter von 0-17 Jahren in der T\u00fcrkei betr\u00e4gt 21,8 Millionen, und die Beteiligungsrate im Alter von 15-17 Jahren liegt bei 11,9 %. Das bedeutet, dass viele Kinder im Schulalter aufgrund von Armut und Einkommensungleichheit arbeiten m\u00fcssen.<\/p>\n<p>Weltweit muss diesem \u00dcbel Einhalt geboten werden.<\/p>\n<p>12. Juni 2025<\/p>\n<h3>Meleksima Alp<\/h3>\n<p>( vom Pazartesi 14)<\/p>\n","protected":false},"excerpt":{"rendered":"<p>Unter dem dunklen Himmel, die Erde und der Himmel sind von Eis umgeben, und in der kalten Luft atmeten wir den frostigen Atem ein, w\u00e4hrend wir unseren Blick auf die Stimme richteten. Ein Junge, zart gekleidet, etwa dreizehn oder vierzehn Jahre alt, spielte Fu\u00dfball.<\/p>\n<p>Bei dieser K\u00e4lte und zur Abendzeit fragte ich: &#8222;Was machst du hier, du wirst krank, spiel doch tags\u00fcber mit dem Ball.&#8220; Er antwortete: &#8222;Der Himmel ist sch\u00f6n, ich spiele auch abends, weil ich tags\u00fcber arbeite.&#8220; Er erz\u00e4hlte, dass er nach der Grundschule in einer Fabrik angefangen hatte zu arbeiten, dass sein Vater krank sei und er drei Geschwister habe.<\/p>\n<p>Er hatte den Ball gerade erst bekommen und wollte begeistert spielen. Er hatte sich in der Arbeit und im Familienleben abgem\u00fcht, aber trotzdem war er drau\u00dfen auf der Stra\u00dfe, um seine kindliche Freude zu bewahren. Das Gl\u00fcck, das auf seinem Gesicht lag, war so sch\u00f6n, dass es wie ein Gem\u00e4lde in \u00d6l h\u00e4tte festgehalten werden k\u00f6nnen. Wir haben Zeuge davon, wie er sein Kinderleben leben wollte. Seit diesem Tag hat sich die Zahl der Kinderarbeiter erh\u00f6ht. Die Bedingungen haben sich versch\u00e4rft. Heute k\u00f6nnen sich viele nicht einmal mehr einen Ball leisten. Die meisten Kinder, die unter sklaven\u00e4hnlichen Bedingungen arbeiten, verlieren wir fr\u00fchzeitig. Gegen die Ausbeutung von Kinderarbeit in unserem Land und weltweit werden seit 2002 am 12. Juni Aktionen durchgef\u00fchrt.<\/p>\n<p>UNICEF und die Internationale Arbeitsorganisation (ILO) rufen dazu auf, dass Kinder das Recht auf Leben, Lernen und Spielen haben, ohne in die Arbeitswelt eingebunden zu sein.Trotz all dieser Erkl\u00e4rungen und Programme der Staaten und Organisationen wird diese Situation vom Kapitalismus bewusst ignoriert und weitergef\u00fchrt.<\/p>\n","protected":false},"author":6,"featured_media":712,"comment_status":"closed","ping_status":"closed","sticky":false,"template":"","format":"standard","meta":{"_coblocks_attr":"","_coblocks_dimensions":"","_coblocks_responsive_height":"","_coblocks_accordion_ie_support":"","inline_featured_image":false,"spay_email":"","jetpack_publicize_message":"","jetpack_is_tweetstorm":false,"jetpack_publicize_feature_enabled":true},"categories":[9,4,80],"tags":[],"yoast_head":"<!-- This site is optimized with the Yoast SEO plugin v18.3 - https:\/\/yoast.com\/wordpress\/plugins\/seo\/ -->\n<title>12. Juni - der Welttag gegen die Kinderarbeit - Dialog - Verein f\u00fcr gleiche Rechte e.V.<\/title>\n<meta name=\"description\" content=\"Unter dem dunklen Himmel, die Erde und der Himmel sind von Eis umgeben, und in der kalten Luft atmeten wir den frostigen Atem ein, w\u00e4hrend wir unseren Blick auf die Stimme richteten. Ein Junge, zart gekleidet, etwa dreizehn oder vierzehn Jahre alt, spielte Fu\u00dfball.Bei dieser K\u00e4lte und zur Abendzeit fragte ich: &quot;Was machst du hier, du wirst krank, spiel doch tags\u00fcber mit dem Ball.&quot; Er antwortete: &quot;Der Himmel ist sch\u00f6n, ich spiele auch abends, weil ich tags\u00fcber arbeite.&quot; Er erz\u00e4hlte, dass er nach der Grundschule in einer Fabrik angefangen hatte zu arbeiten, dass sein Vater krank sei und er drei Geschwister habe.Er hatte den Ball gerade erst bekommen und wollte begeistert spielen. Er hatte sich in der Arbeit und im Familienleben abgem\u00fcht, aber trotzdem war er drau\u00dfen auf der Stra\u00dfe, um seine kindliche Freude zu bewahren. Das Gl\u00fcck, das auf seinem Gesicht lag, war so sch\u00f6n, dass es wie ein Gem\u00e4lde in \u00d6l h\u00e4tte festgehalten werden k\u00f6nnen. Wir haben Zeuge davon, wie er sein Kinderleben leben wollte. Seit diesem Tag hat sich die Zahl der Kinderarbeiter erh\u00f6ht. Die Bedingungen haben sich versch\u00e4rft. Heute k\u00f6nnen sich viele nicht einmal mehr einen Ball leisten. Die meisten Kinder, die unter sklaven\u00e4hnlichen Bedingungen arbeiten, verlieren wir fr\u00fchzeitig. Gegen die Ausbeutung von Kinderarbeit in unserem Land und weltweit werden seit 2002 am 12. Juni Aktionen durchgef\u00fchrt.UNICEF und die Internationale Arbeitsorganisation (ILO) rufen dazu auf, dass Kinder das Recht auf Leben, Lernen und Spielen haben, ohne in die Arbeitswelt eingebunden zu sein.Trotz all dieser Erkl\u00e4rungen und Programme der Staaten und Organisationen wird diese Situation vom Kapitalismus bewusst ignoriert und weitergef\u00fchrt.\" \/>\n<meta name=\"robots\" content=\"index, follow, max-snippet:-1, max-image-preview:large, max-video-preview:-1\" \/>\n<link rel=\"canonical\" href=\"https:\/\/dialogbrhv.de\/index.php\/2025\/06\/06\/12-juni-der-welttag-gegen-die-kinderarbeit\/\" \/>\n<meta property=\"og:locale\" content=\"de_DE\" \/>\n<meta property=\"og:type\" content=\"article\" \/>\n<meta property=\"og:title\" content=\"12. Juni - der Welttag gegen die Kinderarbeit - Dialog - Verein f\u00fcr gleiche Rechte e.V.\" \/>\n<meta property=\"og:description\" content=\"Unter dem dunklen Himmel, die Erde und der Himmel sind von Eis umgeben, und in der kalten Luft atmeten wir den frostigen Atem ein, w\u00e4hrend wir unseren Blick auf die Stimme richteten. Ein Junge, zart gekleidet, etwa dreizehn oder vierzehn Jahre alt, spielte Fu\u00dfball.Bei dieser K\u00e4lte und zur Abendzeit fragte ich: &quot;Was machst du hier, du wirst krank, spiel doch tags\u00fcber mit dem Ball.&quot; Er antwortete: &quot;Der Himmel ist sch\u00f6n, ich spiele auch abends, weil ich tags\u00fcber arbeite.&quot; Er erz\u00e4hlte, dass er nach der Grundschule in einer Fabrik angefangen hatte zu arbeiten, dass sein Vater krank sei und er drei Geschwister habe.Er hatte den Ball gerade erst bekommen und wollte begeistert spielen. Er hatte sich in der Arbeit und im Familienleben abgem\u00fcht, aber trotzdem war er drau\u00dfen auf der Stra\u00dfe, um seine kindliche Freude zu bewahren. Das Gl\u00fcck, das auf seinem Gesicht lag, war so sch\u00f6n, dass es wie ein Gem\u00e4lde in \u00d6l h\u00e4tte festgehalten werden k\u00f6nnen. Wir haben Zeuge davon, wie er sein Kinderleben leben wollte. Seit diesem Tag hat sich die Zahl der Kinderarbeiter erh\u00f6ht. Die Bedingungen haben sich versch\u00e4rft. Heute k\u00f6nnen sich viele nicht einmal mehr einen Ball leisten. Die meisten Kinder, die unter sklaven\u00e4hnlichen Bedingungen arbeiten, verlieren wir fr\u00fchzeitig. Gegen die Ausbeutung von Kinderarbeit in unserem Land und weltweit werden seit 2002 am 12. Juni Aktionen durchgef\u00fchrt.UNICEF und die Internationale Arbeitsorganisation (ILO) rufen dazu auf, dass Kinder das Recht auf Leben, Lernen und Spielen haben, ohne in die Arbeitswelt eingebunden zu sein.Trotz all dieser Erkl\u00e4rungen und Programme der Staaten und Organisationen wird diese Situation vom Kapitalismus bewusst ignoriert und weitergef\u00fchrt.\" \/>\n<meta property=\"og:url\" content=\"https:\/\/dialogbrhv.de\/index.php\/2025\/06\/06\/12-juni-der-welttag-gegen-die-kinderarbeit\/\" \/>\n<meta property=\"og:site_name\" content=\"Dialog - Verein f\u00fcr gleiche Rechte e.V.\" \/>\n<meta property=\"article:published_time\" content=\"2025-06-06T15:52:00+00:00\" \/>\n<meta property=\"article:modified_time\" content=\"2025-07-01T20:22:37+00:00\" \/>\n<meta name=\"twitter:card\" content=\"summary_large_image\" \/>\n<meta name=\"twitter:image\" content=\"https:\/\/dialogbrhv.de\/wp-content\/uploads\/2022\/03\/dialog_logo_300dpi.svg\" \/>\n<meta name=\"twitter:label1\" content=\"Verfasst von\" \/>\n\t<meta name=\"twitter:data1\" content=\"Webmaster\" \/>\n\t<meta name=\"twitter:label2\" content=\"Gesch\u00e4tzte Lesezeit\" \/>\n\t<meta name=\"twitter:data2\" content=\"3 Minuten\" \/>\n<script type=\"application\/ld+json\" class=\"yoast-schema-graph\">{\"@context\":\"https:\/\/schema.org\",\"@graph\":[{\"@type\":\"Organization\",\"@id\":\"http:\/\/dialogbrhv.de\/#organization\",\"name\":\"DIALOG - Verein f\u00fcr gleiche Rechte e.V.\",\"url\":\"http:\/\/dialogbrhv.de\/\",\"sameAs\":[],\"logo\":{\"@type\":\"ImageObject\",\"@id\":\"http:\/\/dialogbrhv.de\/#logo\",\"inLanguage\":\"de-DE\",\"url\":\"https:\/\/dialogbrhv.de\/wp-content\/uploads\/2019\/09\/dialog_logo_v3.0_text_ausrichtungen_grundvorlage_dialog_normal_textstil1_17cm_stern_globus.svg_.png\",\"contentUrl\":\"https:\/\/dialogbrhv.de\/wp-content\/uploads\/2019\/09\/dialog_logo_v3.0_text_ausrichtungen_grundvorlage_dialog_normal_textstil1_17cm_stern_globus.svg_.png\",\"width\":211,\"height\":214,\"caption\":\"DIALOG - Verein f\u00fcr gleiche Rechte e.V.\"},\"image\":{\"@id\":\"http:\/\/dialogbrhv.de\/#logo\"}},{\"@type\":\"WebSite\",\"@id\":\"http:\/\/dialogbrhv.de\/#website\",\"url\":\"http:\/\/dialogbrhv.de\/\",\"name\":\"Dialog - Verein f\u00fcr gleiche Rechte e.V.\",\"description\":\"\",\"publisher\":{\"@id\":\"http:\/\/dialogbrhv.de\/#organization\"},\"potentialAction\":[{\"@type\":\"SearchAction\",\"target\":{\"@type\":\"EntryPoint\",\"urlTemplate\":\"http:\/\/dialogbrhv.de\/?s={search_term_string}\"},\"query-input\":\"required name=search_term_string\"}],\"inLanguage\":\"de-DE\"},{\"@type\":\"ImageObject\",\"@id\":\"https:\/\/dialogbrhv.de\/index.php\/2025\/06\/06\/12-juni-der-welttag-gegen-die-kinderarbeit\/#primaryimage\",\"inLanguage\":\"de-DE\",\"url\":\"https:\/\/dialogbrhv.de\/wp-content\/uploads\/2022\/03\/dialog_logo_300dpi.svg\",\"contentUrl\":\"https:\/\/dialogbrhv.de\/wp-content\/uploads\/2022\/03\/dialog_logo_300dpi.svg\",\"width\":210,\"height\":210,\"caption\":\"Dialog - Verein f\u00fcr gleiche Rechte e. V.\"},{\"@type\":\"WebPage\",\"@id\":\"https:\/\/dialogbrhv.de\/index.php\/2025\/06\/06\/12-juni-der-welttag-gegen-die-kinderarbeit\/#webpage\",\"url\":\"https:\/\/dialogbrhv.de\/index.php\/2025\/06\/06\/12-juni-der-welttag-gegen-die-kinderarbeit\/\",\"name\":\"12. Juni - der Welttag gegen die Kinderarbeit - Dialog - Verein f\u00fcr gleiche Rechte e.V.\",\"isPartOf\":{\"@id\":\"http:\/\/dialogbrhv.de\/#website\"},\"primaryImageOfPage\":{\"@id\":\"https:\/\/dialogbrhv.de\/index.php\/2025\/06\/06\/12-juni-der-welttag-gegen-die-kinderarbeit\/#primaryimage\"},\"datePublished\":\"2025-06-06T15:52:00+00:00\",\"dateModified\":\"2025-07-01T20:22:37+00:00\",\"description\":\"Unter dem dunklen Himmel, die Erde und der Himmel sind von Eis umgeben, und in der kalten Luft atmeten wir den frostigen Atem ein, w\u00e4hrend wir unseren Blick auf die Stimme richteten. Ein Junge, zart gekleidet, etwa dreizehn oder vierzehn Jahre alt, spielte Fu\u00dfball.Bei dieser K\u00e4lte und zur Abendzeit fragte ich: \\\"Was machst du hier, du wirst krank, spiel doch tags\u00fcber mit dem Ball.\\\" Er antwortete: \\\"Der Himmel ist sch\u00f6n, ich spiele auch abends, weil ich tags\u00fcber arbeite.\\\" Er erz\u00e4hlte, dass er nach der Grundschule in einer Fabrik angefangen hatte zu arbeiten, dass sein Vater krank sei und er drei Geschwister habe.Er hatte den Ball gerade erst bekommen und wollte begeistert spielen. Er hatte sich in der Arbeit und im Familienleben abgem\u00fcht, aber trotzdem war er drau\u00dfen auf der Stra\u00dfe, um seine kindliche Freude zu bewahren. Das Gl\u00fcck, das auf seinem Gesicht lag, war so sch\u00f6n, dass es wie ein Gem\u00e4lde in \u00d6l h\u00e4tte festgehalten werden k\u00f6nnen. Wir haben Zeuge davon, wie er sein Kinderleben leben wollte. Seit diesem Tag hat sich die Zahl der Kinderarbeiter erh\u00f6ht. Die Bedingungen haben sich versch\u00e4rft. Heute k\u00f6nnen sich viele nicht einmal mehr einen Ball leisten. Die meisten Kinder, die unter sklaven\u00e4hnlichen Bedingungen arbeiten, verlieren wir fr\u00fchzeitig. Gegen die Ausbeutung von Kinderarbeit in unserem Land und weltweit werden seit 2002 am 12. Juni Aktionen durchgef\u00fchrt.UNICEF und die Internationale Arbeitsorganisation (ILO) rufen dazu auf, dass Kinder das Recht auf Leben, Lernen und Spielen haben, ohne in die Arbeitswelt eingebunden zu sein.Trotz all dieser Erkl\u00e4rungen und Programme der Staaten und Organisationen wird diese Situation vom Kapitalismus bewusst ignoriert und weitergef\u00fchrt.\",\"breadcrumb\":{\"@id\":\"https:\/\/dialogbrhv.de\/index.php\/2025\/06\/06\/12-juni-der-welttag-gegen-die-kinderarbeit\/#breadcrumb\"},\"inLanguage\":\"de-DE\",\"potentialAction\":[{\"@type\":\"ReadAction\",\"target\":[\"https:\/\/dialogbrhv.de\/index.php\/2025\/06\/06\/12-juni-der-welttag-gegen-die-kinderarbeit\/\"]}]},{\"@type\":\"BreadcrumbList\",\"@id\":\"https:\/\/dialogbrhv.de\/index.php\/2025\/06\/06\/12-juni-der-welttag-gegen-die-kinderarbeit\/#breadcrumb\",\"itemListElement\":[{\"@type\":\"ListItem\",\"position\":1,\"name\":\"Startseite\",\"item\":\"http:\/\/dialogbrhv.de\/\"},{\"@type\":\"ListItem\",\"position\":2,\"name\":\"12. Juni &#8211; der Welttag gegen die Kinderarbeit\"}]},{\"@type\":\"Article\",\"@id\":\"https:\/\/dialogbrhv.de\/index.php\/2025\/06\/06\/12-juni-der-welttag-gegen-die-kinderarbeit\/#article\",\"isPartOf\":{\"@id\":\"https:\/\/dialogbrhv.de\/index.php\/2025\/06\/06\/12-juni-der-welttag-gegen-die-kinderarbeit\/#webpage\"},\"author\":{\"@id\":\"http:\/\/dialogbrhv.de\/#\/schema\/person\/f3a463a30592a39e561e4e43d7a25364\"},\"headline\":\"12. Juni &#8211; der Welttag gegen die Kinderarbeit\",\"datePublished\":\"2025-06-06T15:52:00+00:00\",\"dateModified\":\"2025-07-01T20:22:37+00:00\",\"mainEntityOfPage\":{\"@id\":\"https:\/\/dialogbrhv.de\/index.php\/2025\/06\/06\/12-juni-der-welttag-gegen-die-kinderarbeit\/#webpage\"},\"wordCount\":495,\"publisher\":{\"@id\":\"http:\/\/dialogbrhv.de\/#organization\"},\"image\":{\"@id\":\"https:\/\/dialogbrhv.de\/index.php\/2025\/06\/06\/12-juni-der-welttag-gegen-die-kinderarbeit\/#primaryimage\"},\"thumbnailUrl\":\"https:\/\/dialogbrhv.de\/wp-content\/uploads\/2022\/03\/dialog_logo_300dpi.svg\",\"articleSection\":{\"0\":\"Aktuelles\",\"2\":\"Aufrufe\"},\"inLanguage\":\"de-DE\"},{\"@type\":\"Person\",\"@id\":\"http:\/\/dialogbrhv.de\/#\/schema\/person\/f3a463a30592a39e561e4e43d7a25364\",\"name\":\"Webmaster\",\"image\":{\"@type\":\"ImageObject\",\"@id\":\"http:\/\/dialogbrhv.de\/#personlogo\",\"inLanguage\":\"de-DE\",\"url\":\"https:\/\/dialogbrhv.de\/wp-content\/uploads\/2022\/03\/dialog_logo_300dpi.svg\",\"contentUrl\":\"https:\/\/dialogbrhv.de\/wp-content\/uploads\/2022\/03\/dialog_logo_300dpi.svg\",\"caption\":\"Webmaster\"},\"url\":\"https:\/\/dialogbrhv.de\/index.php\/author\/webmaster\/\"}]}<\/script>\n<!-- \/ Yoast SEO plugin. -->","yoast_head_json":{"title":"12. Juni - der Welttag gegen die Kinderarbeit - Dialog - Verein f\u00fcr gleiche Rechte e.V.","description":"Unter dem dunklen Himmel, die Erde und der Himmel sind von Eis umgeben, und in der kalten Luft atmeten wir den frostigen Atem ein, w\u00e4hrend wir unseren Blick auf die Stimme richteten. Ein Junge, zart gekleidet, etwa dreizehn oder vierzehn Jahre alt, spielte Fu\u00dfball.Bei dieser K\u00e4lte und zur Abendzeit fragte ich: \"Was machst du hier, du wirst krank, spiel doch tags\u00fcber mit dem Ball.\" Er antwortete: \"Der Himmel ist sch\u00f6n, ich spiele auch abends, weil ich tags\u00fcber arbeite.\" Er erz\u00e4hlte, dass er nach der Grundschule in einer Fabrik angefangen hatte zu arbeiten, dass sein Vater krank sei und er drei Geschwister habe.Er hatte den Ball gerade erst bekommen und wollte begeistert spielen. Er hatte sich in der Arbeit und im Familienleben abgem\u00fcht, aber trotzdem war er drau\u00dfen auf der Stra\u00dfe, um seine kindliche Freude zu bewahren. Das Gl\u00fcck, das auf seinem Gesicht lag, war so sch\u00f6n, dass es wie ein Gem\u00e4lde in \u00d6l h\u00e4tte festgehalten werden k\u00f6nnen. Wir haben Zeuge davon, wie er sein Kinderleben leben wollte. Seit diesem Tag hat sich die Zahl der Kinderarbeiter erh\u00f6ht. Die Bedingungen haben sich versch\u00e4rft. Heute k\u00f6nnen sich viele nicht einmal mehr einen Ball leisten. Die meisten Kinder, die unter sklaven\u00e4hnlichen Bedingungen arbeiten, verlieren wir fr\u00fchzeitig. Gegen die Ausbeutung von Kinderarbeit in unserem Land und weltweit werden seit 2002 am 12. Juni Aktionen durchgef\u00fchrt.UNICEF und die Internationale Arbeitsorganisation (ILO) rufen dazu auf, dass Kinder das Recht auf Leben, Lernen und Spielen haben, ohne in die Arbeitswelt eingebunden zu sein.Trotz all dieser Erkl\u00e4rungen und Programme der Staaten und Organisationen wird diese Situation vom Kapitalismus bewusst ignoriert und weitergef\u00fchrt.","robots":{"index":"index","follow":"follow","max-snippet":"max-snippet:-1","max-image-preview":"max-image-preview:large","max-video-preview":"max-video-preview:-1"},"canonical":"https:\/\/dialogbrhv.de\/index.php\/2025\/06\/06\/12-juni-der-welttag-gegen-die-kinderarbeit\/","og_locale":"de_DE","og_type":"article","og_title":"12. Juni - der Welttag gegen die Kinderarbeit - Dialog - Verein f\u00fcr gleiche Rechte e.V.","og_description":"Unter dem dunklen Himmel, die Erde und der Himmel sind von Eis umgeben, und in der kalten Luft atmeten wir den frostigen Atem ein, w\u00e4hrend wir unseren Blick auf die Stimme richteten. Ein Junge, zart gekleidet, etwa dreizehn oder vierzehn Jahre alt, spielte Fu\u00dfball.Bei dieser K\u00e4lte und zur Abendzeit fragte ich: \"Was machst du hier, du wirst krank, spiel doch tags\u00fcber mit dem Ball.\" Er antwortete: \"Der Himmel ist sch\u00f6n, ich spiele auch abends, weil ich tags\u00fcber arbeite.\" Er erz\u00e4hlte, dass er nach der Grundschule in einer Fabrik angefangen hatte zu arbeiten, dass sein Vater krank sei und er drei Geschwister habe.Er hatte den Ball gerade erst bekommen und wollte begeistert spielen. Er hatte sich in der Arbeit und im Familienleben abgem\u00fcht, aber trotzdem war er drau\u00dfen auf der Stra\u00dfe, um seine kindliche Freude zu bewahren. Das Gl\u00fcck, das auf seinem Gesicht lag, war so sch\u00f6n, dass es wie ein Gem\u00e4lde in \u00d6l h\u00e4tte festgehalten werden k\u00f6nnen. Wir haben Zeuge davon, wie er sein Kinderleben leben wollte. Seit diesem Tag hat sich die Zahl der Kinderarbeiter erh\u00f6ht. Die Bedingungen haben sich versch\u00e4rft. Heute k\u00f6nnen sich viele nicht einmal mehr einen Ball leisten. Die meisten Kinder, die unter sklaven\u00e4hnlichen Bedingungen arbeiten, verlieren wir fr\u00fchzeitig. Gegen die Ausbeutung von Kinderarbeit in unserem Land und weltweit werden seit 2002 am 12. Juni Aktionen durchgef\u00fchrt.UNICEF und die Internationale Arbeitsorganisation (ILO) rufen dazu auf, dass Kinder das Recht auf Leben, Lernen und Spielen haben, ohne in die Arbeitswelt eingebunden zu sein.Trotz all dieser Erkl\u00e4rungen und Programme der Staaten und Organisationen wird diese Situation vom Kapitalismus bewusst ignoriert und weitergef\u00fchrt.","og_url":"https:\/\/dialogbrhv.de\/index.php\/2025\/06\/06\/12-juni-der-welttag-gegen-die-kinderarbeit\/","og_site_name":"Dialog - Verein f\u00fcr gleiche Rechte e.V.","article_published_time":"2025-06-06T15:52:00+00:00","article_modified_time":"2025-07-01T20:22:37+00:00","twitter_card":"summary_large_image","twitter_image":"https:\/\/dialogbrhv.de\/wp-content\/uploads\/2022\/03\/dialog_logo_300dpi.svg","twitter_misc":{"Verfasst von":"Webmaster","Gesch\u00e4tzte Lesezeit":"3 Minuten"},"schema":{"@context":"https:\/\/schema.org","@graph":[{"@type":"Organization","@id":"http:\/\/dialogbrhv.de\/#organization","name":"DIALOG - Verein f\u00fcr gleiche Rechte e.V.","url":"http:\/\/dialogbrhv.de\/","sameAs":[],"logo":{"@type":"ImageObject","@id":"http:\/\/dialogbrhv.de\/#logo","inLanguage":"de-DE","url":"https:\/\/dialogbrhv.de\/wp-content\/uploads\/2019\/09\/dialog_logo_v3.0_text_ausrichtungen_grundvorlage_dialog_normal_textstil1_17cm_stern_globus.svg_.png","contentUrl":"https:\/\/dialogbrhv.de\/wp-content\/uploads\/2019\/09\/dialog_logo_v3.0_text_ausrichtungen_grundvorlage_dialog_normal_textstil1_17cm_stern_globus.svg_.png","width":211,"height":214,"caption":"DIALOG - Verein f\u00fcr gleiche Rechte e.V."},"image":{"@id":"http:\/\/dialogbrhv.de\/#logo"}},{"@type":"WebSite","@id":"http:\/\/dialogbrhv.de\/#website","url":"http:\/\/dialogbrhv.de\/","name":"Dialog - Verein f\u00fcr gleiche Rechte e.V.","description":"","publisher":{"@id":"http:\/\/dialogbrhv.de\/#organization"},"potentialAction":[{"@type":"SearchAction","target":{"@type":"EntryPoint","urlTemplate":"http:\/\/dialogbrhv.de\/?s={search_term_string}"},"query-input":"required name=search_term_string"}],"inLanguage":"de-DE"},{"@type":"ImageObject","@id":"https:\/\/dialogbrhv.de\/index.php\/2025\/06\/06\/12-juni-der-welttag-gegen-die-kinderarbeit\/#primaryimage","inLanguage":"de-DE","url":"https:\/\/dialogbrhv.de\/wp-content\/uploads\/2022\/03\/dialog_logo_300dpi.svg","contentUrl":"https:\/\/dialogbrhv.de\/wp-content\/uploads\/2022\/03\/dialog_logo_300dpi.svg","width":210,"height":210,"caption":"Dialog - Verein f\u00fcr gleiche Rechte e. V."},{"@type":"WebPage","@id":"https:\/\/dialogbrhv.de\/index.php\/2025\/06\/06\/12-juni-der-welttag-gegen-die-kinderarbeit\/#webpage","url":"https:\/\/dialogbrhv.de\/index.php\/2025\/06\/06\/12-juni-der-welttag-gegen-die-kinderarbeit\/","name":"12. Juni - der Welttag gegen die Kinderarbeit - Dialog - Verein f\u00fcr gleiche Rechte e.V.","isPartOf":{"@id":"http:\/\/dialogbrhv.de\/#website"},"primaryImageOfPage":{"@id":"https:\/\/dialogbrhv.de\/index.php\/2025\/06\/06\/12-juni-der-welttag-gegen-die-kinderarbeit\/#primaryimage"},"datePublished":"2025-06-06T15:52:00+00:00","dateModified":"2025-07-01T20:22:37+00:00","description":"Unter dem dunklen Himmel, die Erde und der Himmel sind von Eis umgeben, und in der kalten Luft atmeten wir den frostigen Atem ein, w\u00e4hrend wir unseren Blick auf die Stimme richteten. Ein Junge, zart gekleidet, etwa dreizehn oder vierzehn Jahre alt, spielte Fu\u00dfball.Bei dieser K\u00e4lte und zur Abendzeit fragte ich: \"Was machst du hier, du wirst krank, spiel doch tags\u00fcber mit dem Ball.\" Er antwortete: \"Der Himmel ist sch\u00f6n, ich spiele auch abends, weil ich tags\u00fcber arbeite.\" Er erz\u00e4hlte, dass er nach der Grundschule in einer Fabrik angefangen hatte zu arbeiten, dass sein Vater krank sei und er drei Geschwister habe.Er hatte den Ball gerade erst bekommen und wollte begeistert spielen. Er hatte sich in der Arbeit und im Familienleben abgem\u00fcht, aber trotzdem war er drau\u00dfen auf der Stra\u00dfe, um seine kindliche Freude zu bewahren. Das Gl\u00fcck, das auf seinem Gesicht lag, war so sch\u00f6n, dass es wie ein Gem\u00e4lde in \u00d6l h\u00e4tte festgehalten werden k\u00f6nnen. Wir haben Zeuge davon, wie er sein Kinderleben leben wollte. Seit diesem Tag hat sich die Zahl der Kinderarbeiter erh\u00f6ht. Die Bedingungen haben sich versch\u00e4rft. Heute k\u00f6nnen sich viele nicht einmal mehr einen Ball leisten. Die meisten Kinder, die unter sklaven\u00e4hnlichen Bedingungen arbeiten, verlieren wir fr\u00fchzeitig. Gegen die Ausbeutung von Kinderarbeit in unserem Land und weltweit werden seit 2002 am 12. Juni Aktionen durchgef\u00fchrt.UNICEF und die Internationale Arbeitsorganisation (ILO) rufen dazu auf, dass Kinder das Recht auf Leben, Lernen und Spielen haben, ohne in die Arbeitswelt eingebunden zu sein.Trotz all dieser Erkl\u00e4rungen und Programme der Staaten und Organisationen wird diese Situation vom Kapitalismus bewusst ignoriert und weitergef\u00fchrt.","breadcrumb":{"@id":"https:\/\/dialogbrhv.de\/index.php\/2025\/06\/06\/12-juni-der-welttag-gegen-die-kinderarbeit\/#breadcrumb"},"inLanguage":"de-DE","potentialAction":[{"@type":"ReadAction","target":["https:\/\/dialogbrhv.de\/index.php\/2025\/06\/06\/12-juni-der-welttag-gegen-die-kinderarbeit\/"]}]},{"@type":"BreadcrumbList","@id":"https:\/\/dialogbrhv.de\/index.php\/2025\/06\/06\/12-juni-der-welttag-gegen-die-kinderarbeit\/#breadcrumb","itemListElement":[{"@type":"ListItem","position":1,"name":"Startseite","item":"http:\/\/dialogbrhv.de\/"},{"@type":"ListItem","position":2,"name":"12. Juni &#8211; der Welttag gegen die Kinderarbeit"}]},{"@type":"Article","@id":"https:\/\/dialogbrhv.de\/index.php\/2025\/06\/06\/12-juni-der-welttag-gegen-die-kinderarbeit\/#article","isPartOf":{"@id":"https:\/\/dialogbrhv.de\/index.php\/2025\/06\/06\/12-juni-der-welttag-gegen-die-kinderarbeit\/#webpage"},"author":{"@id":"http:\/\/dialogbrhv.de\/#\/schema\/person\/f3a463a30592a39e561e4e43d7a25364"},"headline":"12. Juni &#8211; der Welttag gegen die Kinderarbeit","datePublished":"2025-06-06T15:52:00+00:00","dateModified":"2025-07-01T20:22:37+00:00","mainEntityOfPage":{"@id":"https:\/\/dialogbrhv.de\/index.php\/2025\/06\/06\/12-juni-der-welttag-gegen-die-kinderarbeit\/#webpage"},"wordCount":495,"publisher":{"@id":"http:\/\/dialogbrhv.de\/#organization"},"image":{"@id":"https:\/\/dialogbrhv.de\/index.php\/2025\/06\/06\/12-juni-der-welttag-gegen-die-kinderarbeit\/#primaryimage"},"thumbnailUrl":"https:\/\/dialogbrhv.de\/wp-content\/uploads\/2022\/03\/dialog_logo_300dpi.svg","articleSection":{"0":"Aktuelles","2":"Aufrufe"},"inLanguage":"de-DE"},{"@type":"Person","@id":"http:\/\/dialogbrhv.de\/#\/schema\/person\/f3a463a30592a39e561e4e43d7a25364","name":"Webmaster","image":{"@type":"ImageObject","@id":"http:\/\/dialogbrhv.de\/#personlogo","inLanguage":"de-DE","url":"https:\/\/dialogbrhv.de\/wp-content\/uploads\/2022\/03\/dialog_logo_300dpi.svg","contentUrl":"https:\/\/dialogbrhv.de\/wp-content\/uploads\/2022\/03\/dialog_logo_300dpi.svg","caption":"Webmaster"},"url":"https:\/\/dialogbrhv.de\/index.php\/author\/webmaster\/"}]}},"jetpack_featured_media_url":"https:\/\/dialogbrhv.de\/wp-content\/uploads\/2022\/03\/dialog_logo_300dpi.svg","jetpack_publicize_connections":[],"_links":{"self":[{"href":"https:\/\/dialogbrhv.de\/index.php\/wp-json\/wp\/v2\/posts\/2776"}],"collection":[{"href":"https:\/\/dialogbrhv.de\/index.php\/wp-json\/wp\/v2\/posts"}],"about":[{"href":"https:\/\/dialogbrhv.de\/index.php\/wp-json\/wp\/v2\/types\/post"}],"author":[{"embeddable":true,"href":"https:\/\/dialogbrhv.de\/index.php\/wp-json\/wp\/v2\/users\/6"}],"replies":[{"embeddable":true,"href":"https:\/\/dialogbrhv.de\/index.php\/wp-json\/wp\/v2\/comments?post=2776"}],"version-history":[{"count":8,"href":"https:\/\/dialogbrhv.de\/index.php\/wp-json\/wp\/v2\/posts\/2776\/revisions"}],"predecessor-version":[{"id":2786,"href":"https:\/\/dialogbrhv.de\/index.php\/wp-json\/wp\/v2\/posts\/2776\/revisions\/2786"}],"wp:featuredmedia":[{"embeddable":true,"href":"https:\/\/dialogbrhv.de\/index.php\/wp-json\/wp\/v2\/media\/712"}],"wp:attachment":[{"href":"https:\/\/dialogbrhv.de\/index.php\/wp-json\/wp\/v2\/media?parent=2776"}],"wp:term":[{"taxonomy":"category","embeddable":true,"href":"https:\/\/dialogbrhv.de\/index.php\/wp-json\/wp\/v2\/categories?post=2776"},{"taxonomy":"post_tag","embeddable":true,"href":"https:\/\/dialogbrhv.de\/index.php\/wp-json\/wp\/v2\/tags?post=2776"}],"curies":[{"name":"wp","href":"https:\/\/api.w.org\/{rel}","templated":true}]}}