{"id":2741,"date":"2025-03-15T18:05:00","date_gmt":"2025-03-15T17:05:00","guid":{"rendered":"https:\/\/dialogbrhv.de\/?p=2741"},"modified":"2025-03-16T19:14:17","modified_gmt":"2025-03-16T18:14:17","slug":"das-massaker-gegen-alewiten-in-syrien","status":"publish","type":"post","link":"https:\/\/dialogbrhv.de\/index.php\/2025\/03\/15\/das-massaker-gegen-alewiten-in-syrien\/","title":{"rendered":"Das Massaker gegen Alewiten in Syrien"},"content":{"rendered":"\n<p>Das Massaker und die Gewalt auf konfessioneller Grundlage in Syrien sind ein Verbrechen gegen die Menschlichkeit. Wir verurteilen aufs Sch\u00e4rfste diejenigen, die dieses Verbrechen gegen die Alewitische Gemeinschaft begangen haben.<\/p>\n<p>Die Region des Nahen Ostens, die seit Jahrtausenden eine reiche kulturelle und gesellschaftliche Vielfalt beherbergt, wird durch die imperialistischen Teilungskriege zunehmend in eine Unsicherheit getrieben. Nun steuert diese Region auf Konflikte zu, die auf konfessioneller und ethnischer Basis ausgetragen werden.<\/p>\n<p>Die j\u00fcngsten brutalen und massenm\u00f6rderischen Angriffe extremistischer, islamistischer Gruppen gegen die Alewitische Gemeinschaft in Syrien sind ein alarmierendes Signal. Diese Angriffe und Massaker richten sich nicht nur gegen die direkt betroffene Gemeinschaft, sondern auch gegen die Kultur des friedlichen Zusammenlebens, den sozialen Frieden und die Werte der Menschlichkeit.<\/p>\n<p>Die vom imperialistischen Machtstreben angeheizten Konflikte drohen die in der Region lebenden ethnischen und konfessionellen Gruppen in einen Zustand der Feindseligkeit und Gewalt zu treiben. Allein die Vorstellung eines solchen Szenarios ist erschreckend und be\u00e4ngstigend. Dabei sollte das friedliche Zusammenleben verschiedener Gemeinschaften als ein Reichtum der Menschheit anerkannt werden.<\/p>\n<p>Jegliche Angriffe und Massaker gegen die Alewitische Gemeinschaft oder andere ethnische und konfessionelle Gruppen sind ein Angriff auf die regionale Stabilit\u00e4t und gef\u00e4hrden die M\u00f6glichkeit eines friedlichen Miteinanders. Solche Entwicklungen drohen, die Region in ein Blutbad zu st\u00fcrzen.<\/p>\n<p>Wir als Verein f\u00fcr Gleiche Rechte (Esithaklar Dernegi) erkl\u00e4ren hiermit, dass wir entschlossen an der Seite der Alewitischen Gemeinschaft und aller weiteren betroffenen ethnischen und konfessionellen Gruppen stehen. Wir verurteilen entschieden die brutalen Angriffe und Massaker extremistischer, konfessionell motivierter und politisch-islamischer Gruppen.<\/p>\n<p>Wir rufen die internationale Gemeinschaft dazu auf, gegen\u00fcber dieser konfessionell und ethnisch motivierten Gewalt eine entschiedene und entschlossene Haltung einzunehmen und sich st\u00e4rker zu engagieren.<br \/>Vergessen wir nicht: Das erste Opfer der Gewalt ist stets die Menschlichkeit.<\/p>\n<hr \/>\n<p>Sur\u0131yedeki Mezhep Temelli Katliam ve \u015eiddet Bir \u0130nsanl\u0131k Su\u00e7udur.Alevi Toplumuna y\u00f6nelik bu su\u00e7u i\u015fleyenleri \u015eiddetle k\u0131n\u0131yoruz.<\/p>\n<p>Binlece y\u0131ll\u0131k Ortado\u011fu co\u011frafyas\u0131n\u0131n Emperyalistlerin payla\u015f\u0131m sava\u015flar\u0131 sonucunda bir belirsizli\u011fin i\u00e7ine s\u00fcr\u00fcklenen b\u00f6lge \u015fimdide, b\u00f6lgede ya\u015fayan haklar\u0131n mezhep ve etnik temelde \u00e7at\u0131\u015fmalar\u0131na do\u011fru gitmektedir.<\/p>\n<p>Son g\u00fcnler de Suriyede Alevi toplumuna y\u00f6nelik ger\u00e7ekle\u015ftirilen,cihat\u00e7\u0131, islamc\u0131 kendilerinden ba\u015fka her\u015feye d\u00fc\u015fman guruplar taraf\u0131dan vahset ve katliam boyutundaki sald\u0131r\u0131lar bunun habercisi olmu\u015ftur. Alevi topluma kar\u015f\u0131 bu sald\u0131r\u0131lar ve katliamlar sadece hedef al\u0131nan topluma de\u011fil, birlikte bir arada ya\u015fama k\u00fclt\u00fcr\u00fcne,toplumsal bar\u0131\u015fa ve insanl\u0131k de\u011ferlerine y\u00f6nelik yap\u0131lm\u0131\u015ft\u0131r. Ortado\u011fudaki payla\u015f\u0131mc\u0131 g\u00fc\u00e7lerin dayatmas\u0131yla b\u00f6lgede ya\u015fayan \u00e7e\u015fitli etnik ve mezhepsel k\u00f6kenli halklar birbirleriyle \u00e7at\u0131\u015fma iklimine do\u011fru s\u00fcr\u00fcklenmektedir. B\u00f6yle bir olas\u0131l\u0131\u011f\u0131 d\u00fc\u015f\u00fcnmek bile korkun\u00e7 ve deh\u015fet vericidir. Oysa, farkl\u0131 toplumlar\u0131n bir arada,bar\u0131\u015f i\u00e7inde ya\u015famas\u0131 insanl\u0131\u011f\u0131n zenginli\u011fi olarak kabul edilmelidir.Alevi toplumuna yada di\u011fer etnik ve mezhepsel k\u00f6kenli toplumlara kar\u015f\u0131 yap\u0131lacak hert\u00fcrl\u00fc, sald\u0131r\u0131 ve katliam giri\u015fimleri, di\u011fer haklar\u0131 yok sayma b\u00f6lgesel bar\u0131\u015f\u0131 ve birlikte ya\u015fama olas\u0131l\u0131\u011f\u0131n\u0131da ortadan kald\u0131rmaya y\u00f6nel\u0131k olup,b\u00f6lgey\u0131de adeta bir kan g\u00f6l\u00fcne \u00e7evirecektir.<\/p>\n<p>Bizler, E\u015fit Haklar Derne\u011fi olarak, Cihatc\u0131 ,mezhepci ve Siyasal islamc\u0131 guruplar\u0131n,ba\u015fta Alevi toplumuna y\u00f6nelik vah\u015fice sald\u0131\u0131r\u0131 ve katliamar\u0131 olmak \u00fczere, bundan sonra da di\u011fer etnik ve kimlik temelli b\u00f6lge haklar\u0131n\u0131 hedef alacak hert\u00fcrl\u00fc \u015fiddet giri\u015fimine ve nefret s\u00f6ylemlerine kar\u015f\u0131 onlar\u0131n yanlar\u0131nda olu\u011fumuzu ilan ediyoruz. <\/p>\n<p>Uluslar aras\u0131 toplumu mezhep ve kimlik temelindeki bu \u015fiddete kar\u015f\u0131 daha duyarl\u0131 olmaya ve daha kararl\u0131 bir duru\u015f g\u00f6stermeye \u00e7a\u011f\u0131r\u0131yoruz.<\/p>\n<p>\u015eiddetin ma\u011fdurunun ilk \u00f6nce \u0130nsanl\u0131k oldu\u011funu Unutmayal\u0131m.<\/p>\n\n\n","protected":false},"excerpt":{"rendered":"<p>Das Massaker und die Gewalt auf konfessioneller Grundlage in Syrien sind ein Verbrechen gegen die Menschlichkeit. Wir verurteilen aufs Sch\u00e4rfste<\/p>\n","protected":false},"author":6,"featured_media":712,"comment_status":"closed","ping_status":"closed","sticky":true,"template":"","format":"standard","meta":{"_coblocks_attr":"","_coblocks_dimensions":"","_coblocks_responsive_height":"","_coblocks_accordion_ie_support":"","inline_featured_image":false,"spay_email":"","jetpack_publicize_message":"","jetpack_is_tweetstorm":false,"jetpack_publicize_feature_enabled":true},"categories":[9],"tags":[],"yoast_head":"<!-- This site is optimized with the Yoast SEO plugin v18.3 - https:\/\/yoast.com\/wordpress\/plugins\/seo\/ -->\n<title>Das Massaker gegen Alewiten in Syrien - Dialog - Verein f\u00fcr gleiche Rechte e.V.<\/title>\n<meta name=\"description\" content=\"Das Massaker und die Gewalt auf konfessioneller Grundlage in Syrien sind ein Verbrechen gegen die Menschlichkeit. Wir verurteilen aufs Sch\u00e4rfste diejenigen, die dieses Verbrechen gegen die Alewitische Gemeinschaft begangen haben.\" \/>\n<meta name=\"robots\" content=\"index, follow, max-snippet:-1, max-image-preview:large, max-video-preview:-1\" \/>\n<link rel=\"canonical\" href=\"https:\/\/dialogbrhv.de\/index.php\/2025\/03\/15\/das-massaker-gegen-alewiten-in-syrien\/\" \/>\n<meta property=\"og:locale\" content=\"de_DE\" \/>\n<meta property=\"og:type\" content=\"article\" \/>\n<meta property=\"og:title\" content=\"Das Massaker gegen Alewiten in Syrien - Dialog - Verein f\u00fcr gleiche Rechte e.V.\" \/>\n<meta property=\"og:description\" content=\"Das Massaker und die Gewalt auf konfessioneller Grundlage in Syrien sind ein Verbrechen gegen die Menschlichkeit. Wir verurteilen aufs Sch\u00e4rfste diejenigen, die dieses Verbrechen gegen die Alewitische Gemeinschaft begangen haben.\" \/>\n<meta property=\"og:url\" content=\"https:\/\/dialogbrhv.de\/index.php\/2025\/03\/15\/das-massaker-gegen-alewiten-in-syrien\/\" \/>\n<meta property=\"og:site_name\" content=\"Dialog - Verein f\u00fcr gleiche Rechte e.V.\" \/>\n<meta property=\"article:published_time\" content=\"2025-03-15T17:05:00+00:00\" \/>\n<meta property=\"article:modified_time\" content=\"2025-03-16T18:14:17+00:00\" \/>\n<meta name=\"twitter:card\" content=\"summary_large_image\" \/>\n<meta name=\"twitter:image\" content=\"https:\/\/dialogbrhv.de\/wp-content\/uploads\/2022\/03\/dialog_logo_300dpi.svg\" \/>\n<meta name=\"twitter:label1\" content=\"Verfasst von\" \/>\n\t<meta name=\"twitter:data1\" content=\"Webmaster\" \/>\n\t<meta name=\"twitter:label2\" content=\"Gesch\u00e4tzte Lesezeit\" \/>\n\t<meta name=\"twitter:data2\" content=\"3 Minuten\" \/>\n<script type=\"application\/ld+json\" class=\"yoast-schema-graph\">{\"@context\":\"https:\/\/schema.org\",\"@graph\":[{\"@type\":\"Organization\",\"@id\":\"http:\/\/dialogbrhv.de\/#organization\",\"name\":\"DIALOG - Verein f\u00fcr gleiche Rechte e.V.\",\"url\":\"http:\/\/dialogbrhv.de\/\",\"sameAs\":[],\"logo\":{\"@type\":\"ImageObject\",\"@id\":\"http:\/\/dialogbrhv.de\/#logo\",\"inLanguage\":\"de-DE\",\"url\":\"https:\/\/dialogbrhv.de\/wp-content\/uploads\/2019\/09\/dialog_logo_v3.0_text_ausrichtungen_grundvorlage_dialog_normal_textstil1_17cm_stern_globus.svg_.png\",\"contentUrl\":\"https:\/\/dialogbrhv.de\/wp-content\/uploads\/2019\/09\/dialog_logo_v3.0_text_ausrichtungen_grundvorlage_dialog_normal_textstil1_17cm_stern_globus.svg_.png\",\"width\":211,\"height\":214,\"caption\":\"DIALOG - Verein f\u00fcr gleiche Rechte e.V.\"},\"image\":{\"@id\":\"http:\/\/dialogbrhv.de\/#logo\"}},{\"@type\":\"WebSite\",\"@id\":\"http:\/\/dialogbrhv.de\/#website\",\"url\":\"http:\/\/dialogbrhv.de\/\",\"name\":\"Dialog - Verein f\u00fcr gleiche Rechte e.V.\",\"description\":\"\",\"publisher\":{\"@id\":\"http:\/\/dialogbrhv.de\/#organization\"},\"potentialAction\":[{\"@type\":\"SearchAction\",\"target\":{\"@type\":\"EntryPoint\",\"urlTemplate\":\"http:\/\/dialogbrhv.de\/?s={search_term_string}\"},\"query-input\":\"required name=search_term_string\"}],\"inLanguage\":\"de-DE\"},{\"@type\":\"ImageObject\",\"@id\":\"https:\/\/dialogbrhv.de\/index.php\/2025\/03\/15\/das-massaker-gegen-alewiten-in-syrien\/#primaryimage\",\"inLanguage\":\"de-DE\",\"url\":\"https:\/\/dialogbrhv.de\/wp-content\/uploads\/2022\/03\/dialog_logo_300dpi.svg\",\"contentUrl\":\"https:\/\/dialogbrhv.de\/wp-content\/uploads\/2022\/03\/dialog_logo_300dpi.svg\",\"width\":210,\"height\":210,\"caption\":\"Dialog - Verein f\u00fcr gleiche Rechte e. V.\"},{\"@type\":\"WebPage\",\"@id\":\"https:\/\/dialogbrhv.de\/index.php\/2025\/03\/15\/das-massaker-gegen-alewiten-in-syrien\/#webpage\",\"url\":\"https:\/\/dialogbrhv.de\/index.php\/2025\/03\/15\/das-massaker-gegen-alewiten-in-syrien\/\",\"name\":\"Das Massaker gegen Alewiten in Syrien - Dialog - Verein f\u00fcr gleiche Rechte e.V.\",\"isPartOf\":{\"@id\":\"http:\/\/dialogbrhv.de\/#website\"},\"primaryImageOfPage\":{\"@id\":\"https:\/\/dialogbrhv.de\/index.php\/2025\/03\/15\/das-massaker-gegen-alewiten-in-syrien\/#primaryimage\"},\"datePublished\":\"2025-03-15T17:05:00+00:00\",\"dateModified\":\"2025-03-16T18:14:17+00:00\",\"description\":\"Das Massaker und die Gewalt auf konfessioneller Grundlage in Syrien sind ein Verbrechen gegen die Menschlichkeit. Wir verurteilen aufs Sch\u00e4rfste diejenigen, die dieses Verbrechen gegen die Alewitische Gemeinschaft begangen haben.\",\"breadcrumb\":{\"@id\":\"https:\/\/dialogbrhv.de\/index.php\/2025\/03\/15\/das-massaker-gegen-alewiten-in-syrien\/#breadcrumb\"},\"inLanguage\":\"de-DE\",\"potentialAction\":[{\"@type\":\"ReadAction\",\"target\":[\"https:\/\/dialogbrhv.de\/index.php\/2025\/03\/15\/das-massaker-gegen-alewiten-in-syrien\/\"]}]},{\"@type\":\"BreadcrumbList\",\"@id\":\"https:\/\/dialogbrhv.de\/index.php\/2025\/03\/15\/das-massaker-gegen-alewiten-in-syrien\/#breadcrumb\",\"itemListElement\":[{\"@type\":\"ListItem\",\"position\":1,\"name\":\"Startseite\",\"item\":\"http:\/\/dialogbrhv.de\/\"},{\"@type\":\"ListItem\",\"position\":2,\"name\":\"Das Massaker gegen Alewiten in Syrien\"}]},{\"@type\":\"Article\",\"@id\":\"https:\/\/dialogbrhv.de\/index.php\/2025\/03\/15\/das-massaker-gegen-alewiten-in-syrien\/#article\",\"isPartOf\":{\"@id\":\"https:\/\/dialogbrhv.de\/index.php\/2025\/03\/15\/das-massaker-gegen-alewiten-in-syrien\/#webpage\"},\"author\":{\"@id\":\"http:\/\/dialogbrhv.de\/#\/schema\/person\/f3a463a30592a39e561e4e43d7a25364\"},\"headline\":\"Das Massaker gegen Alewiten in Syrien\",\"datePublished\":\"2025-03-15T17:05:00+00:00\",\"dateModified\":\"2025-03-16T18:14:17+00:00\",\"mainEntityOfPage\":{\"@id\":\"https:\/\/dialogbrhv.de\/index.php\/2025\/03\/15\/das-massaker-gegen-alewiten-in-syrien\/#webpage\"},\"wordCount\":654,\"publisher\":{\"@id\":\"http:\/\/dialogbrhv.de\/#organization\"},\"image\":{\"@id\":\"https:\/\/dialogbrhv.de\/index.php\/2025\/03\/15\/das-massaker-gegen-alewiten-in-syrien\/#primaryimage\"},\"thumbnailUrl\":\"https:\/\/dialogbrhv.de\/wp-content\/uploads\/2022\/03\/dialog_logo_300dpi.svg\",\"articleSection\":[\"Aktuelles\"],\"inLanguage\":\"de-DE\"},{\"@type\":\"Person\",\"@id\":\"http:\/\/dialogbrhv.de\/#\/schema\/person\/f3a463a30592a39e561e4e43d7a25364\",\"name\":\"Webmaster\",\"image\":{\"@type\":\"ImageObject\",\"@id\":\"http:\/\/dialogbrhv.de\/#personlogo\",\"inLanguage\":\"de-DE\",\"url\":\"https:\/\/dialogbrhv.de\/wp-content\/uploads\/2022\/03\/dialog_logo_300dpi.svg\",\"contentUrl\":\"https:\/\/dialogbrhv.de\/wp-content\/uploads\/2022\/03\/dialog_logo_300dpi.svg\",\"caption\":\"Webmaster\"},\"url\":\"https:\/\/dialogbrhv.de\/index.php\/author\/webmaster\/\"}]}<\/script>\n<!-- \/ Yoast SEO plugin. -->","yoast_head_json":{"title":"Das Massaker gegen Alewiten in Syrien - Dialog - Verein f\u00fcr gleiche Rechte e.V.","description":"Das Massaker und die Gewalt auf konfessioneller Grundlage in Syrien sind ein Verbrechen gegen die Menschlichkeit. Wir verurteilen aufs Sch\u00e4rfste diejenigen, die dieses Verbrechen gegen die Alewitische Gemeinschaft begangen haben.","robots":{"index":"index","follow":"follow","max-snippet":"max-snippet:-1","max-image-preview":"max-image-preview:large","max-video-preview":"max-video-preview:-1"},"canonical":"https:\/\/dialogbrhv.de\/index.php\/2025\/03\/15\/das-massaker-gegen-alewiten-in-syrien\/","og_locale":"de_DE","og_type":"article","og_title":"Das Massaker gegen Alewiten in Syrien - Dialog - Verein f\u00fcr gleiche Rechte e.V.","og_description":"Das Massaker und die Gewalt auf konfessioneller Grundlage in Syrien sind ein Verbrechen gegen die Menschlichkeit. Wir verurteilen aufs Sch\u00e4rfste diejenigen, die dieses Verbrechen gegen die Alewitische Gemeinschaft begangen haben.","og_url":"https:\/\/dialogbrhv.de\/index.php\/2025\/03\/15\/das-massaker-gegen-alewiten-in-syrien\/","og_site_name":"Dialog - Verein f\u00fcr gleiche Rechte e.V.","article_published_time":"2025-03-15T17:05:00+00:00","article_modified_time":"2025-03-16T18:14:17+00:00","twitter_card":"summary_large_image","twitter_image":"https:\/\/dialogbrhv.de\/wp-content\/uploads\/2022\/03\/dialog_logo_300dpi.svg","twitter_misc":{"Verfasst von":"Webmaster","Gesch\u00e4tzte Lesezeit":"3 Minuten"},"schema":{"@context":"https:\/\/schema.org","@graph":[{"@type":"Organization","@id":"http:\/\/dialogbrhv.de\/#organization","name":"DIALOG - Verein f\u00fcr gleiche Rechte e.V.","url":"http:\/\/dialogbrhv.de\/","sameAs":[],"logo":{"@type":"ImageObject","@id":"http:\/\/dialogbrhv.de\/#logo","inLanguage":"de-DE","url":"https:\/\/dialogbrhv.de\/wp-content\/uploads\/2019\/09\/dialog_logo_v3.0_text_ausrichtungen_grundvorlage_dialog_normal_textstil1_17cm_stern_globus.svg_.png","contentUrl":"https:\/\/dialogbrhv.de\/wp-content\/uploads\/2019\/09\/dialog_logo_v3.0_text_ausrichtungen_grundvorlage_dialog_normal_textstil1_17cm_stern_globus.svg_.png","width":211,"height":214,"caption":"DIALOG - Verein f\u00fcr gleiche Rechte e.V."},"image":{"@id":"http:\/\/dialogbrhv.de\/#logo"}},{"@type":"WebSite","@id":"http:\/\/dialogbrhv.de\/#website","url":"http:\/\/dialogbrhv.de\/","name":"Dialog - Verein f\u00fcr gleiche Rechte e.V.","description":"","publisher":{"@id":"http:\/\/dialogbrhv.de\/#organization"},"potentialAction":[{"@type":"SearchAction","target":{"@type":"EntryPoint","urlTemplate":"http:\/\/dialogbrhv.de\/?s={search_term_string}"},"query-input":"required name=search_term_string"}],"inLanguage":"de-DE"},{"@type":"ImageObject","@id":"https:\/\/dialogbrhv.de\/index.php\/2025\/03\/15\/das-massaker-gegen-alewiten-in-syrien\/#primaryimage","inLanguage":"de-DE","url":"https:\/\/dialogbrhv.de\/wp-content\/uploads\/2022\/03\/dialog_logo_300dpi.svg","contentUrl":"https:\/\/dialogbrhv.de\/wp-content\/uploads\/2022\/03\/dialog_logo_300dpi.svg","width":210,"height":210,"caption":"Dialog - Verein f\u00fcr gleiche Rechte e. V."},{"@type":"WebPage","@id":"https:\/\/dialogbrhv.de\/index.php\/2025\/03\/15\/das-massaker-gegen-alewiten-in-syrien\/#webpage","url":"https:\/\/dialogbrhv.de\/index.php\/2025\/03\/15\/das-massaker-gegen-alewiten-in-syrien\/","name":"Das Massaker gegen Alewiten in Syrien - Dialog - Verein f\u00fcr gleiche Rechte e.V.","isPartOf":{"@id":"http:\/\/dialogbrhv.de\/#website"},"primaryImageOfPage":{"@id":"https:\/\/dialogbrhv.de\/index.php\/2025\/03\/15\/das-massaker-gegen-alewiten-in-syrien\/#primaryimage"},"datePublished":"2025-03-15T17:05:00+00:00","dateModified":"2025-03-16T18:14:17+00:00","description":"Das Massaker und die Gewalt auf konfessioneller Grundlage in Syrien sind ein Verbrechen gegen die Menschlichkeit. Wir verurteilen aufs Sch\u00e4rfste diejenigen, die dieses Verbrechen gegen die Alewitische Gemeinschaft begangen haben.","breadcrumb":{"@id":"https:\/\/dialogbrhv.de\/index.php\/2025\/03\/15\/das-massaker-gegen-alewiten-in-syrien\/#breadcrumb"},"inLanguage":"de-DE","potentialAction":[{"@type":"ReadAction","target":["https:\/\/dialogbrhv.de\/index.php\/2025\/03\/15\/das-massaker-gegen-alewiten-in-syrien\/"]}]},{"@type":"BreadcrumbList","@id":"https:\/\/dialogbrhv.de\/index.php\/2025\/03\/15\/das-massaker-gegen-alewiten-in-syrien\/#breadcrumb","itemListElement":[{"@type":"ListItem","position":1,"name":"Startseite","item":"http:\/\/dialogbrhv.de\/"},{"@type":"ListItem","position":2,"name":"Das Massaker gegen Alewiten in Syrien"}]},{"@type":"Article","@id":"https:\/\/dialogbrhv.de\/index.php\/2025\/03\/15\/das-massaker-gegen-alewiten-in-syrien\/#article","isPartOf":{"@id":"https:\/\/dialogbrhv.de\/index.php\/2025\/03\/15\/das-massaker-gegen-alewiten-in-syrien\/#webpage"},"author":{"@id":"http:\/\/dialogbrhv.de\/#\/schema\/person\/f3a463a30592a39e561e4e43d7a25364"},"headline":"Das Massaker gegen Alewiten in Syrien","datePublished":"2025-03-15T17:05:00+00:00","dateModified":"2025-03-16T18:14:17+00:00","mainEntityOfPage":{"@id":"https:\/\/dialogbrhv.de\/index.php\/2025\/03\/15\/das-massaker-gegen-alewiten-in-syrien\/#webpage"},"wordCount":654,"publisher":{"@id":"http:\/\/dialogbrhv.de\/#organization"},"image":{"@id":"https:\/\/dialogbrhv.de\/index.php\/2025\/03\/15\/das-massaker-gegen-alewiten-in-syrien\/#primaryimage"},"thumbnailUrl":"https:\/\/dialogbrhv.de\/wp-content\/uploads\/2022\/03\/dialog_logo_300dpi.svg","articleSection":["Aktuelles"],"inLanguage":"de-DE"},{"@type":"Person","@id":"http:\/\/dialogbrhv.de\/#\/schema\/person\/f3a463a30592a39e561e4e43d7a25364","name":"Webmaster","image":{"@type":"ImageObject","@id":"http:\/\/dialogbrhv.de\/#personlogo","inLanguage":"de-DE","url":"https:\/\/dialogbrhv.de\/wp-content\/uploads\/2022\/03\/dialog_logo_300dpi.svg","contentUrl":"https:\/\/dialogbrhv.de\/wp-content\/uploads\/2022\/03\/dialog_logo_300dpi.svg","caption":"Webmaster"},"url":"https:\/\/dialogbrhv.de\/index.php\/author\/webmaster\/"}]}},"jetpack_featured_media_url":"https:\/\/dialogbrhv.de\/wp-content\/uploads\/2022\/03\/dialog_logo_300dpi.svg","jetpack_publicize_connections":[],"_links":{"self":[{"href":"https:\/\/dialogbrhv.de\/index.php\/wp-json\/wp\/v2\/posts\/2741"}],"collection":[{"href":"https:\/\/dialogbrhv.de\/index.php\/wp-json\/wp\/v2\/posts"}],"about":[{"href":"https:\/\/dialogbrhv.de\/index.php\/wp-json\/wp\/v2\/types\/post"}],"author":[{"embeddable":true,"href":"https:\/\/dialogbrhv.de\/index.php\/wp-json\/wp\/v2\/users\/6"}],"replies":[{"embeddable":true,"href":"https:\/\/dialogbrhv.de\/index.php\/wp-json\/wp\/v2\/comments?post=2741"}],"version-history":[{"count":2,"href":"https:\/\/dialogbrhv.de\/index.php\/wp-json\/wp\/v2\/posts\/2741\/revisions"}],"predecessor-version":[{"id":2752,"href":"https:\/\/dialogbrhv.de\/index.php\/wp-json\/wp\/v2\/posts\/2741\/revisions\/2752"}],"wp:featuredmedia":[{"embeddable":true,"href":"https:\/\/dialogbrhv.de\/index.php\/wp-json\/wp\/v2\/media\/712"}],"wp:attachment":[{"href":"https:\/\/dialogbrhv.de\/index.php\/wp-json\/wp\/v2\/media?parent=2741"}],"wp:term":[{"taxonomy":"category","embeddable":true,"href":"https:\/\/dialogbrhv.de\/index.php\/wp-json\/wp\/v2\/categories?post=2741"},{"taxonomy":"post_tag","embeddable":true,"href":"https:\/\/dialogbrhv.de\/index.php\/wp-json\/wp\/v2\/tags?post=2741"}],"curies":[{"name":"wp","href":"https:\/\/api.w.org\/{rel}","templated":true}]}}