{"id":1891,"date":"2021-09-18T11:10:16","date_gmt":"2021-09-18T09:10:16","guid":{"rendered":"https:\/\/dialogbrhv.de\/?p=1891"},"modified":"2021-09-18T11:10:18","modified_gmt":"2021-09-18T09:10:18","slug":"aufbau-solidarisch-im-dialog","status":"publish","type":"post","link":"https:\/\/dialogbrhv.de\/index.php\/2021\/09\/18\/aufbau-solidarisch-im-dialog\/","title":{"rendered":"Aufbau &#8222;Solidarisch im Dialog&#8220;"},"content":{"rendered":"\n<p>Viele H\u00e4nde sind flei\u00dfig um unser Fest erfolgreich zu feiern \ud83d\ude42<\/p>\n<div style=\"width: 810px;\" class=\"wp-video\"><!--[if lt IE 9]><script>document.createElement('video');<\/script><![endif]-->\n<video class=\"wp-video-shortcode\" id=\"video-1891-1\" width=\"810\" height=\"458\" preload=\"metadata\" controls=\"controls\"><source type=\"video\/mp4\" src=\"https:\/\/dialogbrhv.de\/wp-content\/uploads\/2021\/09\/2021-09-18-Aufbau.mp4?_=1\" \/><a href=\"https:\/\/dialogbrhv.de\/wp-content\/uploads\/2021\/09\/2021-09-18-Aufbau.mp4\">https:\/\/dialogbrhv.de\/wp-content\/uploads\/2021\/09\/2021-09-18-Aufbau.mp4<\/a><\/video><\/div>\n<p>\u00a0<\/p>\n","protected":false},"excerpt":{"rendered":"<p>Viele H\u00e4nde sind flei\u00dfig um unser Fest erfolgreich zu feiern \ud83d\ude42 \u00a0<\/p>\n","protected":false},"author":6,"featured_media":712,"comment_status":"closed","ping_status":"closed","sticky":true,"template":"template-fullwidth.php","format":"standard","meta":{"_coblocks_attr":"","_coblocks_dimensions":"","_coblocks_responsive_height":"","_coblocks_accordion_ie_support":"","inline_featured_image":false,"spay_email":"","jetpack_publicize_message":"","jetpack_is_tweetstorm":false,"jetpack_publicize_feature_enabled":true},"categories":[9,6],"tags":[],"yoast_head":"<!-- This site is optimized with the Yoast SEO plugin v18.3 - https:\/\/yoast.com\/wordpress\/plugins\/seo\/ -->\n<title>Aufbau &quot;Solidarisch im Dialog&quot; - Dialog - Verein f\u00fcr gleiche Rechte e.V.<\/title>\n<meta name=\"description\" content=\"Viele H\u00e4nde sind flei\u00dfig um unser Fest erfolgreich zu feiern :-)\" \/>\n<meta name=\"robots\" content=\"index, follow, max-snippet:-1, max-image-preview:large, max-video-preview:-1\" \/>\n<link rel=\"canonical\" href=\"https:\/\/dialogbrhv.de\/index.php\/2021\/09\/18\/aufbau-solidarisch-im-dialog\/\" \/>\n<meta property=\"og:locale\" content=\"de_DE\" \/>\n<meta property=\"og:type\" content=\"article\" \/>\n<meta property=\"og:title\" content=\"Aufbau &quot;Solidarisch im Dialog&quot; - Dialog - Verein f\u00fcr gleiche Rechte e.V.\" \/>\n<meta property=\"og:description\" content=\"Viele H\u00e4nde sind flei\u00dfig um unser Fest erfolgreich zu feiern :-)\" \/>\n<meta property=\"og:url\" content=\"https:\/\/dialogbrhv.de\/index.php\/2021\/09\/18\/aufbau-solidarisch-im-dialog\/\" \/>\n<meta property=\"og:site_name\" content=\"Dialog - Verein f\u00fcr gleiche Rechte e.V.\" \/>\n<meta property=\"article:published_time\" content=\"2021-09-18T09:10:16+00:00\" \/>\n<meta property=\"article:modified_time\" content=\"2021-09-18T09:10:18+00:00\" \/>\n<meta property=\"og:image\" content=\"https:\/\/dialogbrhv.de\/wp-content\/uploads\/2019\/05\/cropped-dialog_logo_transparent-2.png\" \/>\n\t<meta property=\"og:image:width\" content=\"512\" \/>\n\t<meta property=\"og:image:height\" content=\"512\" \/>\n\t<meta property=\"og:image:type\" content=\"image\/png\" \/>\n<meta name=\"twitter:card\" content=\"summary_large_image\" \/>\n<meta name=\"twitter:label1\" content=\"Verfasst von\" \/>\n\t<meta name=\"twitter:data1\" content=\"Webmaster\" \/>\n\t<meta name=\"twitter:label2\" content=\"Gesch\u00e4tzte Lesezeit\" \/>\n\t<meta name=\"twitter:data2\" content=\"1 Minute\" \/>\n<script type=\"application\/ld+json\" class=\"yoast-schema-graph\">{\"@context\":\"https:\/\/schema.org\",\"@graph\":[{\"@type\":\"Organization\",\"@id\":\"http:\/\/dialogbrhv.de\/#organization\",\"name\":\"DIALOG - Verein f\u00fcr gleiche Rechte e.V.\",\"url\":\"http:\/\/dialogbrhv.de\/\",\"sameAs\":[],\"logo\":{\"@type\":\"ImageObject\",\"@id\":\"http:\/\/dialogbrhv.de\/#logo\",\"inLanguage\":\"de-DE\",\"url\":\"https:\/\/dialogbrhv.de\/wp-content\/uploads\/2019\/09\/dialog_logo_v3.0_text_ausrichtungen_grundvorlage_dialog_normal_textstil1_17cm_stern_globus.svg_.png\",\"contentUrl\":\"https:\/\/dialogbrhv.de\/wp-content\/uploads\/2019\/09\/dialog_logo_v3.0_text_ausrichtungen_grundvorlage_dialog_normal_textstil1_17cm_stern_globus.svg_.png\",\"width\":211,\"height\":214,\"caption\":\"DIALOG - Verein f\u00fcr gleiche Rechte e.V.\"},\"image\":{\"@id\":\"http:\/\/dialogbrhv.de\/#logo\"}},{\"@type\":\"WebSite\",\"@id\":\"http:\/\/dialogbrhv.de\/#website\",\"url\":\"http:\/\/dialogbrhv.de\/\",\"name\":\"Dialog - Verein f\u00fcr gleiche Rechte e.V.\",\"description\":\"\",\"publisher\":{\"@id\":\"http:\/\/dialogbrhv.de\/#organization\"},\"potentialAction\":[{\"@type\":\"SearchAction\",\"target\":{\"@type\":\"EntryPoint\",\"urlTemplate\":\"http:\/\/dialogbrhv.de\/?s={search_term_string}\"},\"query-input\":\"required name=search_term_string\"}],\"inLanguage\":\"de-DE\"},{\"@type\":\"ImageObject\",\"@id\":\"https:\/\/dialogbrhv.de\/index.php\/2021\/09\/18\/aufbau-solidarisch-im-dialog\/#primaryimage\",\"inLanguage\":\"de-DE\",\"url\":\"https:\/\/dialogbrhv.de\/wp-content\/uploads\/2022\/03\/dialog_logo_300dpi.svg\",\"contentUrl\":\"https:\/\/dialogbrhv.de\/wp-content\/uploads\/2022\/03\/dialog_logo_300dpi.svg\",\"width\":210,\"height\":210,\"caption\":\"Dialog - Verein f\u00fcr gleiche Rechte e. V.\"},{\"@type\":\"WebPage\",\"@id\":\"https:\/\/dialogbrhv.de\/index.php\/2021\/09\/18\/aufbau-solidarisch-im-dialog\/#webpage\",\"url\":\"https:\/\/dialogbrhv.de\/index.php\/2021\/09\/18\/aufbau-solidarisch-im-dialog\/\",\"name\":\"Aufbau \\\"Solidarisch im Dialog\\\" - Dialog - Verein f\u00fcr gleiche Rechte e.V.\",\"isPartOf\":{\"@id\":\"http:\/\/dialogbrhv.de\/#website\"},\"primaryImageOfPage\":{\"@id\":\"https:\/\/dialogbrhv.de\/index.php\/2021\/09\/18\/aufbau-solidarisch-im-dialog\/#primaryimage\"},\"datePublished\":\"2021-09-18T09:10:16+00:00\",\"dateModified\":\"2021-09-18T09:10:18+00:00\",\"description\":\"Viele H\u00e4nde sind flei\u00dfig um unser Fest erfolgreich zu feiern :-)\",\"breadcrumb\":{\"@id\":\"https:\/\/dialogbrhv.de\/index.php\/2021\/09\/18\/aufbau-solidarisch-im-dialog\/#breadcrumb\"},\"inLanguage\":\"de-DE\",\"potentialAction\":[{\"@type\":\"ReadAction\",\"target\":[\"https:\/\/dialogbrhv.de\/index.php\/2021\/09\/18\/aufbau-solidarisch-im-dialog\/\"]}]},{\"@type\":\"BreadcrumbList\",\"@id\":\"https:\/\/dialogbrhv.de\/index.php\/2021\/09\/18\/aufbau-solidarisch-im-dialog\/#breadcrumb\",\"itemListElement\":[{\"@type\":\"ListItem\",\"position\":1,\"name\":\"Startseite\",\"item\":\"http:\/\/dialogbrhv.de\/\"},{\"@type\":\"ListItem\",\"position\":2,\"name\":\"Aufbau &#8222;Solidarisch im Dialog&#8220;\"}]},{\"@type\":\"Article\",\"@id\":\"https:\/\/dialogbrhv.de\/index.php\/2021\/09\/18\/aufbau-solidarisch-im-dialog\/#article\",\"isPartOf\":{\"@id\":\"https:\/\/dialogbrhv.de\/index.php\/2021\/09\/18\/aufbau-solidarisch-im-dialog\/#webpage\"},\"author\":{\"@id\":\"http:\/\/dialogbrhv.de\/#\/schema\/person\/f3a463a30592a39e561e4e43d7a25364\"},\"headline\":\"Aufbau &#8222;Solidarisch im Dialog&#8220;\",\"datePublished\":\"2021-09-18T09:10:16+00:00\",\"dateModified\":\"2021-09-18T09:10:18+00:00\",\"mainEntityOfPage\":{\"@id\":\"https:\/\/dialogbrhv.de\/index.php\/2021\/09\/18\/aufbau-solidarisch-im-dialog\/#webpage\"},\"wordCount\":31,\"publisher\":{\"@id\":\"http:\/\/dialogbrhv.de\/#organization\"},\"image\":{\"@id\":\"https:\/\/dialogbrhv.de\/index.php\/2021\/09\/18\/aufbau-solidarisch-im-dialog\/#primaryimage\"},\"thumbnailUrl\":\"https:\/\/dialogbrhv.de\/wp-content\/uploads\/2022\/03\/dialog_logo_300dpi.svg\",\"articleSection\":[\"Aktuelles\",\"Veranstaltungen\"],\"inLanguage\":\"de-DE\"},{\"@type\":\"Person\",\"@id\":\"http:\/\/dialogbrhv.de\/#\/schema\/person\/f3a463a30592a39e561e4e43d7a25364\",\"name\":\"Webmaster\",\"image\":{\"@type\":\"ImageObject\",\"@id\":\"http:\/\/dialogbrhv.de\/#personlogo\",\"inLanguage\":\"de-DE\",\"url\":\"https:\/\/dialogbrhv.de\/wp-content\/uploads\/2022\/03\/dialog_logo_300dpi.svg\",\"contentUrl\":\"https:\/\/dialogbrhv.de\/wp-content\/uploads\/2022\/03\/dialog_logo_300dpi.svg\",\"caption\":\"Webmaster\"},\"url\":\"https:\/\/dialogbrhv.de\/index.php\/author\/webmaster\/\"}]}<\/script>\n<!-- \/ Yoast SEO plugin. -->","yoast_head_json":{"title":"Aufbau \"Solidarisch im Dialog\" - Dialog - Verein f\u00fcr gleiche Rechte e.V.","description":"Viele H\u00e4nde sind flei\u00dfig um unser Fest erfolgreich zu feiern :-)","robots":{"index":"index","follow":"follow","max-snippet":"max-snippet:-1","max-image-preview":"max-image-preview:large","max-video-preview":"max-video-preview:-1"},"canonical":"https:\/\/dialogbrhv.de\/index.php\/2021\/09\/18\/aufbau-solidarisch-im-dialog\/","og_locale":"de_DE","og_type":"article","og_title":"Aufbau \"Solidarisch im Dialog\" - Dialog - Verein f\u00fcr gleiche Rechte e.V.","og_description":"Viele H\u00e4nde sind flei\u00dfig um unser Fest erfolgreich zu feiern :-)","og_url":"https:\/\/dialogbrhv.de\/index.php\/2021\/09\/18\/aufbau-solidarisch-im-dialog\/","og_site_name":"Dialog - Verein f\u00fcr gleiche Rechte e.V.","article_published_time":"2021-09-18T09:10:16+00:00","article_modified_time":"2021-09-18T09:10:18+00:00","og_image":[{"width":512,"height":512,"url":"https:\/\/dialogbrhv.de\/wp-content\/uploads\/2019\/05\/cropped-dialog_logo_transparent-2.png","type":"image\/png"}],"twitter_card":"summary_large_image","twitter_misc":{"Verfasst von":"Webmaster","Gesch\u00e4tzte Lesezeit":"1 Minute"},"schema":{"@context":"https:\/\/schema.org","@graph":[{"@type":"Organization","@id":"http:\/\/dialogbrhv.de\/#organization","name":"DIALOG - Verein f\u00fcr gleiche Rechte e.V.","url":"http:\/\/dialogbrhv.de\/","sameAs":[],"logo":{"@type":"ImageObject","@id":"http:\/\/dialogbrhv.de\/#logo","inLanguage":"de-DE","url":"https:\/\/dialogbrhv.de\/wp-content\/uploads\/2019\/09\/dialog_logo_v3.0_text_ausrichtungen_grundvorlage_dialog_normal_textstil1_17cm_stern_globus.svg_.png","contentUrl":"https:\/\/dialogbrhv.de\/wp-content\/uploads\/2019\/09\/dialog_logo_v3.0_text_ausrichtungen_grundvorlage_dialog_normal_textstil1_17cm_stern_globus.svg_.png","width":211,"height":214,"caption":"DIALOG - Verein f\u00fcr gleiche Rechte e.V."},"image":{"@id":"http:\/\/dialogbrhv.de\/#logo"}},{"@type":"WebSite","@id":"http:\/\/dialogbrhv.de\/#website","url":"http:\/\/dialogbrhv.de\/","name":"Dialog - Verein f\u00fcr gleiche Rechte e.V.","description":"","publisher":{"@id":"http:\/\/dialogbrhv.de\/#organization"},"potentialAction":[{"@type":"SearchAction","target":{"@type":"EntryPoint","urlTemplate":"http:\/\/dialogbrhv.de\/?s={search_term_string}"},"query-input":"required name=search_term_string"}],"inLanguage":"de-DE"},{"@type":"ImageObject","@id":"https:\/\/dialogbrhv.de\/index.php\/2021\/09\/18\/aufbau-solidarisch-im-dialog\/#primaryimage","inLanguage":"de-DE","url":"https:\/\/dialogbrhv.de\/wp-content\/uploads\/2022\/03\/dialog_logo_300dpi.svg","contentUrl":"https:\/\/dialogbrhv.de\/wp-content\/uploads\/2022\/03\/dialog_logo_300dpi.svg","width":210,"height":210,"caption":"Dialog - Verein f\u00fcr gleiche Rechte e. V."},{"@type":"WebPage","@id":"https:\/\/dialogbrhv.de\/index.php\/2021\/09\/18\/aufbau-solidarisch-im-dialog\/#webpage","url":"https:\/\/dialogbrhv.de\/index.php\/2021\/09\/18\/aufbau-solidarisch-im-dialog\/","name":"Aufbau \"Solidarisch im Dialog\" - Dialog - Verein f\u00fcr gleiche Rechte e.V.","isPartOf":{"@id":"http:\/\/dialogbrhv.de\/#website"},"primaryImageOfPage":{"@id":"https:\/\/dialogbrhv.de\/index.php\/2021\/09\/18\/aufbau-solidarisch-im-dialog\/#primaryimage"},"datePublished":"2021-09-18T09:10:16+00:00","dateModified":"2021-09-18T09:10:18+00:00","description":"Viele H\u00e4nde sind flei\u00dfig um unser Fest erfolgreich zu feiern :-)","breadcrumb":{"@id":"https:\/\/dialogbrhv.de\/index.php\/2021\/09\/18\/aufbau-solidarisch-im-dialog\/#breadcrumb"},"inLanguage":"de-DE","potentialAction":[{"@type":"ReadAction","target":["https:\/\/dialogbrhv.de\/index.php\/2021\/09\/18\/aufbau-solidarisch-im-dialog\/"]}]},{"@type":"BreadcrumbList","@id":"https:\/\/dialogbrhv.de\/index.php\/2021\/09\/18\/aufbau-solidarisch-im-dialog\/#breadcrumb","itemListElement":[{"@type":"ListItem","position":1,"name":"Startseite","item":"http:\/\/dialogbrhv.de\/"},{"@type":"ListItem","position":2,"name":"Aufbau &#8222;Solidarisch im Dialog&#8220;"}]},{"@type":"Article","@id":"https:\/\/dialogbrhv.de\/index.php\/2021\/09\/18\/aufbau-solidarisch-im-dialog\/#article","isPartOf":{"@id":"https:\/\/dialogbrhv.de\/index.php\/2021\/09\/18\/aufbau-solidarisch-im-dialog\/#webpage"},"author":{"@id":"http:\/\/dialogbrhv.de\/#\/schema\/person\/f3a463a30592a39e561e4e43d7a25364"},"headline":"Aufbau &#8222;Solidarisch im Dialog&#8220;","datePublished":"2021-09-18T09:10:16+00:00","dateModified":"2021-09-18T09:10:18+00:00","mainEntityOfPage":{"@id":"https:\/\/dialogbrhv.de\/index.php\/2021\/09\/18\/aufbau-solidarisch-im-dialog\/#webpage"},"wordCount":31,"publisher":{"@id":"http:\/\/dialogbrhv.de\/#organization"},"image":{"@id":"https:\/\/dialogbrhv.de\/index.php\/2021\/09\/18\/aufbau-solidarisch-im-dialog\/#primaryimage"},"thumbnailUrl":"https:\/\/dialogbrhv.de\/wp-content\/uploads\/2022\/03\/dialog_logo_300dpi.svg","articleSection":["Aktuelles","Veranstaltungen"],"inLanguage":"de-DE"},{"@type":"Person","@id":"http:\/\/dialogbrhv.de\/#\/schema\/person\/f3a463a30592a39e561e4e43d7a25364","name":"Webmaster","image":{"@type":"ImageObject","@id":"http:\/\/dialogbrhv.de\/#personlogo","inLanguage":"de-DE","url":"https:\/\/dialogbrhv.de\/wp-content\/uploads\/2022\/03\/dialog_logo_300dpi.svg","contentUrl":"https:\/\/dialogbrhv.de\/wp-content\/uploads\/2022\/03\/dialog_logo_300dpi.svg","caption":"Webmaster"},"url":"https:\/\/dialogbrhv.de\/index.php\/author\/webmaster\/"}]}},"jetpack_featured_media_url":"https:\/\/dialogbrhv.de\/wp-content\/uploads\/2022\/03\/dialog_logo_300dpi.svg","jetpack_publicize_connections":[],"_links":{"self":[{"href":"https:\/\/dialogbrhv.de\/index.php\/wp-json\/wp\/v2\/posts\/1891"}],"collection":[{"href":"https:\/\/dialogbrhv.de\/index.php\/wp-json\/wp\/v2\/posts"}],"about":[{"href":"https:\/\/dialogbrhv.de\/index.php\/wp-json\/wp\/v2\/types\/post"}],"author":[{"embeddable":true,"href":"https:\/\/dialogbrhv.de\/index.php\/wp-json\/wp\/v2\/users\/6"}],"replies":[{"embeddable":true,"href":"https:\/\/dialogbrhv.de\/index.php\/wp-json\/wp\/v2\/comments?post=1891"}],"version-history":[{"count":3,"href":"https:\/\/dialogbrhv.de\/index.php\/wp-json\/wp\/v2\/posts\/1891\/revisions"}],"predecessor-version":[{"id":1895,"href":"https:\/\/dialogbrhv.de\/index.php\/wp-json\/wp\/v2\/posts\/1891\/revisions\/1895"}],"wp:featuredmedia":[{"embeddable":true,"href":"https:\/\/dialogbrhv.de\/index.php\/wp-json\/wp\/v2\/media\/712"}],"wp:attachment":[{"href":"https:\/\/dialogbrhv.de\/index.php\/wp-json\/wp\/v2\/media?parent=1891"}],"wp:term":[{"taxonomy":"category","embeddable":true,"href":"https:\/\/dialogbrhv.de\/index.php\/wp-json\/wp\/v2\/categories?post=1891"},{"taxonomy":"post_tag","embeddable":true,"href":"https:\/\/dialogbrhv.de\/index.php\/wp-json\/wp\/v2\/tags?post=1891"}],"curies":[{"name":"wp","href":"https:\/\/api.w.org\/{rel}","templated":true}]}}