{"id":1721,"date":"2021-09-16T05:38:52","date_gmt":"2021-09-16T03:38:52","guid":{"rendered":"https:\/\/dialogbrhv.de\/?p=1721"},"modified":"2021-09-17T08:54:24","modified_gmt":"2021-09-17T06:54:24","slug":"fest-der-demokratie","status":"publish","type":"post","link":"https:\/\/dialogbrhv.de\/index.php\/2021\/09\/16\/fest-der-demokratie\/","title":{"rendered":"Impressionen vom Fest der Demokratie"},"content":{"rendered":"\n<h3>&#8222;So ein B\u00fcndnis wird gebraucht&#8220;<\/h3>\n<p>( Textzeile aus einem spontanen Geburtstagsst\u00e4ndchen f\u00fcr das Aktionsb\u00fcndnis gegen Rechts)<\/p>\n<p>Am 12.09. war das Aktionsb\u00fcndnis gegen Rechts &#8222;Bremerhaven bleibt bunt!&#8220; mit seinem &#8222;Fest f\u00fcr Demokratie&#8220; zu Gast im DIALOG-Verein f\u00fcr gleiche Rechte. Es war zum einen der H\u00f6hepunkt der Aktivit\u00e4ten im Wahlkampf gegen Nazis und andere Rechte und gleichzeitig der dritte Jahrestag der Gr\u00fcndung von &#8222;Bremerhaven bleibt bunt!&#8220;. Trotz mehrerer attraktiver Kulturevents in der Stadt und trotz des regnerischen Wetters fanden sich ca. 70 gro\u00dfe und kleine G\u00e4ste ein, um gemeinsam zu feiern, zu reden und zu tanzen. Hrace (11) und ihre Schwester Mane (10) aus Armenien er\u00f6ffneten das Fest mit einem Klavierst\u00fcck von Chopin und einem Volkslied auf der Gitarre und bekamen den herzlichen Applaus des Publikums. Nach einer Begr\u00fc\u00dfung durch B\u00fcndnisaktivistin Jessica Link, einer B\u00fcndnisrede von Hanne Beutel und einer Rede des neuen Bremerhavener DGB Vorsitzenden Sascha Kuntzmann f\u00fchrte Anne M\u00fcdeking durch das abwechslungsreiche Livemusik-Programm von Michael Zachcial (von der bekannten Folkmusikgruppe &#8222;Die Grenzg\u00e4nger&#8220;) , Andrea T\u00fcrk, Legit Crew und der bulgarischen Grup Varna. W\u00e4hrend im ersten Teil die kritischen und nachdenklichen Songs \u00fcberwogen und das Publikum bewegten, konnte im zweiten Teil nach Herzenslust getanzt werden. Dazu gab es Kaffee, Tee und selbstgebackene Kuchentr\u00e4ume zu genie\u00dfen. Am Infostand gab es Flyer gegen Rechts, Infos zur Bundestagswahl, den B\u00fcndnis-Wahlaufruf und alles, was Demokratinnen brauchen, wenn sie auf Nazi-Kleber treffen\u2026W\u00e4hrend des Festes wurde auch eine Foto-Mitmachaktion begonnen, die inzwischen als Wahlaufruf gegen Rechts durch Bremerhavenerinnen aller Altersgruppen auf facebook weiterl\u00e4uft.<\/p>\n\n\n\n<div class=\"wp-block-coblocks-gallery-masonry alignwide\"><div class=\"coblocks-gallery has-border-radius-10 has-caption-style-dark has-gutter has-lightbox\"><ul class=\"has-grid-lrg has-gutter-15 has-gutter-mobile-15\"><li class=\"coblocks-gallery--item\"><figure class=\"coblocks-gallery--figure\"><img loading=\"lazy\" width=\"768\" height=\"1024\" src=\"https:\/\/dialogbrhv.de\/wp-content\/uploads\/2021\/09\/IMG-20210913-WA0077.jpg\" alt=\"\" data-id=\"1732\" data-imglink=\"\" data-link=\"https:\/\/dialogbrhv.de\/img-20210913-wa0077\/\" class=\"wp-image-1732\" srcset=\"https:\/\/dialogbrhv.de\/wp-content\/uploads\/2021\/09\/IMG-20210913-WA0077.jpg 768w, https:\/\/dialogbrhv.de\/wp-content\/uploads\/2021\/09\/IMG-20210913-WA0077-225x300.jpg 225w, https:\/\/dialogbrhv.de\/wp-content\/uploads\/2021\/09\/IMG-20210913-WA0077-113x150.jpg 113w\" sizes=\"(max-width: 768px) 100vw, 768px\" \/><\/figure><\/li><li class=\"coblocks-gallery--item\"><figure class=\"coblocks-gallery--figure\"><img loading=\"lazy\" width=\"768\" height=\"1024\" src=\"https:\/\/dialogbrhv.de\/wp-content\/uploads\/2021\/09\/IMG-20210913-WA0001-768x1024.jpg\" alt=\"\" data-id=\"1807\" data-imglink=\"\" data-link=\"https:\/\/dialogbrhv.de\/img-20210913-wa0001\/\" class=\"wp-image-1807\" srcset=\"https:\/\/dialogbrhv.de\/wp-content\/uploads\/2021\/09\/IMG-20210913-WA0001-768x1024.jpg 768w, https:\/\/dialogbrhv.de\/wp-content\/uploads\/2021\/09\/IMG-20210913-WA0001-225x300.jpg 225w, https:\/\/dialogbrhv.de\/wp-content\/uploads\/2021\/09\/IMG-20210913-WA0001-113x150.jpg 113w, https:\/\/dialogbrhv.de\/wp-content\/uploads\/2021\/09\/IMG-20210913-WA0001-1152x1536.jpg 1152w, https:\/\/dialogbrhv.de\/wp-content\/uploads\/2021\/09\/IMG-20210913-WA0001.jpg 1512w\" sizes=\"(max-width: 768px) 100vw, 768px\" \/><\/figure><\/li><li class=\"coblocks-gallery--item\"><figure class=\"coblocks-gallery--figure\"><img loading=\"lazy\" width=\"768\" height=\"1024\" src=\"https:\/\/dialogbrhv.de\/wp-content\/uploads\/2021\/09\/IMG-20210913-WA0002.jpg\" alt=\"\" data-id=\"1806\" data-imglink=\"\" data-link=\"https:\/\/dialogbrhv.de\/img-20210913-wa0002\/\" class=\"wp-image-1806\" srcset=\"https:\/\/dialogbrhv.de\/wp-content\/uploads\/2021\/09\/IMG-20210913-WA0002.jpg 768w, https:\/\/dialogbrhv.de\/wp-content\/uploads\/2021\/09\/IMG-20210913-WA0002-225x300.jpg 225w, https:\/\/dialogbrhv.de\/wp-content\/uploads\/2021\/09\/IMG-20210913-WA0002-113x150.jpg 113w\" sizes=\"(max-width: 768px) 100vw, 768px\" \/><\/figure><\/li><li class=\"coblocks-gallery--item\"><figure class=\"coblocks-gallery--figure\"><img loading=\"lazy\" width=\"1024\" height=\"768\" src=\"https:\/\/dialogbrhv.de\/wp-content\/uploads\/2021\/09\/IMG-20210913-WA0004.jpg\" alt=\"\" data-id=\"1805\" data-imglink=\"\" data-link=\"https:\/\/dialogbrhv.de\/img-20210913-wa0004\/\" class=\"wp-image-1805\" srcset=\"https:\/\/dialogbrhv.de\/wp-content\/uploads\/2021\/09\/IMG-20210913-WA0004.jpg 1024w, https:\/\/dialogbrhv.de\/wp-content\/uploads\/2021\/09\/IMG-20210913-WA0004-300x225.jpg 300w, https:\/\/dialogbrhv.de\/wp-content\/uploads\/2021\/09\/IMG-20210913-WA0004-150x113.jpg 150w, https:\/\/dialogbrhv.de\/wp-content\/uploads\/2021\/09\/IMG-20210913-WA0004-768x576.jpg 768w\" sizes=\"(max-width: 1024px) 100vw, 1024px\" \/><\/figure><\/li><li class=\"coblocks-gallery--item\"><figure class=\"coblocks-gallery--figure\"><img loading=\"lazy\" width=\"1024\" height=\"768\" src=\"https:\/\/dialogbrhv.de\/wp-content\/uploads\/2021\/09\/IMG-20210913-WA0013.jpg\" alt=\"\" data-id=\"1793\" data-imglink=\"\" data-link=\"https:\/\/dialogbrhv.de\/img-20210913-wa0013\/\" class=\"wp-image-1793\" srcset=\"https:\/\/dialogbrhv.de\/wp-content\/uploads\/2021\/09\/IMG-20210913-WA0013.jpg 1024w, https:\/\/dialogbrhv.de\/wp-content\/uploads\/2021\/09\/IMG-20210913-WA0013-300x225.jpg 300w, https:\/\/dialogbrhv.de\/wp-content\/uploads\/2021\/09\/IMG-20210913-WA0013-150x113.jpg 150w, https:\/\/dialogbrhv.de\/wp-content\/uploads\/2021\/09\/IMG-20210913-WA0013-768x576.jpg 768w\" sizes=\"(max-width: 1024px) 100vw, 1024px\" \/><\/figure><\/li><li class=\"coblocks-gallery--item\"><figure class=\"coblocks-gallery--figure\"><img loading=\"lazy\" width=\"1024\" height=\"768\" src=\"https:\/\/dialogbrhv.de\/wp-content\/uploads\/2021\/09\/IMG-20210913-WA0022.jpg\" alt=\"\" data-id=\"1786\" data-imglink=\"\" data-link=\"https:\/\/dialogbrhv.de\/img-20210913-wa0022\/\" class=\"wp-image-1786\" srcset=\"https:\/\/dialogbrhv.de\/wp-content\/uploads\/2021\/09\/IMG-20210913-WA0022.jpg 1024w, https:\/\/dialogbrhv.de\/wp-content\/uploads\/2021\/09\/IMG-20210913-WA0022-300x225.jpg 300w, https:\/\/dialogbrhv.de\/wp-content\/uploads\/2021\/09\/IMG-20210913-WA0022-150x113.jpg 150w, https:\/\/dialogbrhv.de\/wp-content\/uploads\/2021\/09\/IMG-20210913-WA0022-768x576.jpg 768w\" sizes=\"(max-width: 1024px) 100vw, 1024px\" \/><\/figure><\/li><li class=\"coblocks-gallery--item\"><figure class=\"coblocks-gallery--figure\"><img loading=\"lazy\" width=\"768\" height=\"1024\" src=\"https:\/\/dialogbrhv.de\/wp-content\/uploads\/2021\/09\/IMG-20210913-WA0025.jpg\" alt=\"\" data-id=\"1783\" data-imglink=\"\" data-link=\"https:\/\/dialogbrhv.de\/img-20210913-wa0025\/\" class=\"wp-image-1783\" srcset=\"https:\/\/dialogbrhv.de\/wp-content\/uploads\/2021\/09\/IMG-20210913-WA0025.jpg 768w, https:\/\/dialogbrhv.de\/wp-content\/uploads\/2021\/09\/IMG-20210913-WA0025-225x300.jpg 225w, https:\/\/dialogbrhv.de\/wp-content\/uploads\/2021\/09\/IMG-20210913-WA0025-113x150.jpg 113w\" sizes=\"(max-width: 768px) 100vw, 768px\" \/><\/figure><\/li><li class=\"coblocks-gallery--item\"><figure class=\"coblocks-gallery--figure\"><img loading=\"lazy\" width=\"1024\" height=\"753\" src=\"https:\/\/dialogbrhv.de\/wp-content\/uploads\/2021\/09\/IMG-20210913-WA0032.jpg\" alt=\"\" data-id=\"1775\" data-imglink=\"\" data-link=\"https:\/\/dialogbrhv.de\/img-20210913-wa0032\/\" class=\"wp-image-1775\" srcset=\"https:\/\/dialogbrhv.de\/wp-content\/uploads\/2021\/09\/IMG-20210913-WA0032.jpg 1024w, https:\/\/dialogbrhv.de\/wp-content\/uploads\/2021\/09\/IMG-20210913-WA0032-300x221.jpg 300w, https:\/\/dialogbrhv.de\/wp-content\/uploads\/2021\/09\/IMG-20210913-WA0032-150x110.jpg 150w, https:\/\/dialogbrhv.de\/wp-content\/uploads\/2021\/09\/IMG-20210913-WA0032-768x565.jpg 768w\" sizes=\"(max-width: 1024px) 100vw, 1024px\" \/><\/figure><\/li><li class=\"coblocks-gallery--item\"><figure class=\"coblocks-gallery--figure\"><img loading=\"lazy\" width=\"768\" height=\"1024\" src=\"https:\/\/dialogbrhv.de\/wp-content\/uploads\/2021\/09\/IMG-20210913-WA0034.jpg\" alt=\"\" data-id=\"1774\" data-imglink=\"\" data-link=\"https:\/\/dialogbrhv.de\/img-20210913-wa0034\/\" class=\"wp-image-1774\" srcset=\"https:\/\/dialogbrhv.de\/wp-content\/uploads\/2021\/09\/IMG-20210913-WA0034.jpg 768w, https:\/\/dialogbrhv.de\/wp-content\/uploads\/2021\/09\/IMG-20210913-WA0034-225x300.jpg 225w, https:\/\/dialogbrhv.de\/wp-content\/uploads\/2021\/09\/IMG-20210913-WA0034-113x150.jpg 113w\" sizes=\"(max-width: 768px) 100vw, 768px\" \/><\/figure><\/li><li class=\"coblocks-gallery--item\"><figure class=\"coblocks-gallery--figure\"><img loading=\"lazy\" width=\"1024\" height=\"768\" src=\"https:\/\/dialogbrhv.de\/wp-content\/uploads\/2021\/09\/IMG-20210913-WA0042.jpg\" alt=\"\" data-id=\"1767\" data-imglink=\"\" data-link=\"https:\/\/dialogbrhv.de\/img-20210913-wa0042\/\" class=\"wp-image-1767\" srcset=\"https:\/\/dialogbrhv.de\/wp-content\/uploads\/2021\/09\/IMG-20210913-WA0042.jpg 1024w, https:\/\/dialogbrhv.de\/wp-content\/uploads\/2021\/09\/IMG-20210913-WA0042-300x225.jpg 300w, https:\/\/dialogbrhv.de\/wp-content\/uploads\/2021\/09\/IMG-20210913-WA0042-150x113.jpg 150w, https:\/\/dialogbrhv.de\/wp-content\/uploads\/2021\/09\/IMG-20210913-WA0042-768x576.jpg 768w\" sizes=\"(max-width: 1024px) 100vw, 1024px\" \/><\/figure><\/li><li class=\"coblocks-gallery--item\"><figure class=\"coblocks-gallery--figure\"><img loading=\"lazy\" width=\"768\" height=\"1024\" src=\"https:\/\/dialogbrhv.de\/wp-content\/uploads\/2021\/09\/IMG-20210916-WA0005.jpg\" alt=\"\" data-id=\"1830\" data-imglink=\"\" data-link=\"https:\/\/dialogbrhv.de\/index.php\/2021\/09\/16\/fest-der-demokratie\/img-20210916-wa0005\/\" class=\"wp-image-1830\" srcset=\"https:\/\/dialogbrhv.de\/wp-content\/uploads\/2021\/09\/IMG-20210916-WA0005.jpg 768w, https:\/\/dialogbrhv.de\/wp-content\/uploads\/2021\/09\/IMG-20210916-WA0005-225x300.jpg 225w, https:\/\/dialogbrhv.de\/wp-content\/uploads\/2021\/09\/IMG-20210916-WA0005-113x150.jpg 113w\" sizes=\"(max-width: 768px) 100vw, 768px\" \/><\/figure><\/li><li class=\"coblocks-gallery--item\"><figure class=\"coblocks-gallery--figure\"><img loading=\"lazy\" width=\"945\" height=\"1024\" src=\"https:\/\/dialogbrhv.de\/wp-content\/uploads\/2021\/09\/IMG-20210913-WA0039.jpg\" alt=\"\" data-id=\"1764\" data-imglink=\"\" data-link=\"https:\/\/dialogbrhv.de\/img-20210913-wa0039\/\" class=\"wp-image-1764\" srcset=\"https:\/\/dialogbrhv.de\/wp-content\/uploads\/2021\/09\/IMG-20210913-WA0039.jpg 945w, https:\/\/dialogbrhv.de\/wp-content\/uploads\/2021\/09\/IMG-20210913-WA0039-277x300.jpg 277w, https:\/\/dialogbrhv.de\/wp-content\/uploads\/2021\/09\/IMG-20210913-WA0039-138x150.jpg 138w, https:\/\/dialogbrhv.de\/wp-content\/uploads\/2021\/09\/IMG-20210913-WA0039-768x832.jpg 768w\" sizes=\"(max-width: 945px) 100vw, 945px\" \/><\/figure><\/li><li class=\"coblocks-gallery--item\"><figure class=\"coblocks-gallery--figure\"><img loading=\"lazy\" width=\"1024\" height=\"768\" src=\"https:\/\/dialogbrhv.de\/wp-content\/uploads\/2021\/09\/IMG-20210913-WA0047.jpg\" alt=\"\" data-id=\"1761\" data-imglink=\"\" data-link=\"https:\/\/dialogbrhv.de\/img-20210913-wa0047\/\" class=\"wp-image-1761\" srcset=\"https:\/\/dialogbrhv.de\/wp-content\/uploads\/2021\/09\/IMG-20210913-WA0047.jpg 1024w, https:\/\/dialogbrhv.de\/wp-content\/uploads\/2021\/09\/IMG-20210913-WA0047-300x225.jpg 300w, https:\/\/dialogbrhv.de\/wp-content\/uploads\/2021\/09\/IMG-20210913-WA0047-150x113.jpg 150w, https:\/\/dialogbrhv.de\/wp-content\/uploads\/2021\/09\/IMG-20210913-WA0047-768x576.jpg 768w\" sizes=\"(max-width: 1024px) 100vw, 1024px\" \/><\/figure><\/li><li class=\"coblocks-gallery--item\"><figure class=\"coblocks-gallery--figure\"><img loading=\"lazy\" width=\"1024\" height=\"768\" src=\"https:\/\/dialogbrhv.de\/wp-content\/uploads\/2021\/09\/IMG-20210913-WA0056.jpg\" alt=\"\" data-id=\"1754\" data-imglink=\"\" data-link=\"https:\/\/dialogbrhv.de\/img-20210913-wa0056\/\" class=\"wp-image-1754\" srcset=\"https:\/\/dialogbrhv.de\/wp-content\/uploads\/2021\/09\/IMG-20210913-WA0056.jpg 1024w, https:\/\/dialogbrhv.de\/wp-content\/uploads\/2021\/09\/IMG-20210913-WA0056-300x225.jpg 300w, https:\/\/dialogbrhv.de\/wp-content\/uploads\/2021\/09\/IMG-20210913-WA0056-150x113.jpg 150w, https:\/\/dialogbrhv.de\/wp-content\/uploads\/2021\/09\/IMG-20210913-WA0056-768x576.jpg 768w\" sizes=\"(max-width: 1024px) 100vw, 1024px\" \/><\/figure><\/li><li class=\"coblocks-gallery--item\"><figure class=\"coblocks-gallery--figure\"><img loading=\"lazy\" width=\"768\" height=\"1024\" src=\"https:\/\/dialogbrhv.de\/wp-content\/uploads\/2021\/09\/IMG-20210913-WA0058.jpg\" alt=\"\" data-id=\"1750\" data-imglink=\"\" data-link=\"https:\/\/dialogbrhv.de\/img-20210913-wa0058\/\" class=\"wp-image-1750\" srcset=\"https:\/\/dialogbrhv.de\/wp-content\/uploads\/2021\/09\/IMG-20210913-WA0058.jpg 768w, https:\/\/dialogbrhv.de\/wp-content\/uploads\/2021\/09\/IMG-20210913-WA0058-225x300.jpg 225w, https:\/\/dialogbrhv.de\/wp-content\/uploads\/2021\/09\/IMG-20210913-WA0058-113x150.jpg 113w\" sizes=\"(max-width: 768px) 100vw, 768px\" \/><\/figure><\/li><li class=\"coblocks-gallery--item\"><figure class=\"coblocks-gallery--figure\"><img loading=\"lazy\" width=\"629\" height=\"1024\" src=\"https:\/\/dialogbrhv.de\/wp-content\/uploads\/2021\/09\/IMG-20210913-WA0068.jpg\" alt=\"\" data-id=\"1742\" data-imglink=\"\" data-link=\"https:\/\/dialogbrhv.de\/img-20210913-wa0068\/\" class=\"wp-image-1742\" srcset=\"https:\/\/dialogbrhv.de\/wp-content\/uploads\/2021\/09\/IMG-20210913-WA0068.jpg 629w, https:\/\/dialogbrhv.de\/wp-content\/uploads\/2021\/09\/IMG-20210913-WA0068-184x300.jpg 184w, https:\/\/dialogbrhv.de\/wp-content\/uploads\/2021\/09\/IMG-20210913-WA0068-92x150.jpg 92w\" sizes=\"(max-width: 629px) 100vw, 629px\" \/><\/figure><\/li><li class=\"coblocks-gallery--item\"><figure class=\"coblocks-gallery--figure\"><img loading=\"lazy\" width=\"797\" height=\"1024\" src=\"https:\/\/dialogbrhv.de\/wp-content\/uploads\/2021\/09\/IMG-20210913-WA0065.jpg\" alt=\"\" data-id=\"1739\" data-imglink=\"\" data-link=\"https:\/\/dialogbrhv.de\/img-20210913-wa0065\/\" class=\"wp-image-1739\" srcset=\"https:\/\/dialogbrhv.de\/wp-content\/uploads\/2021\/09\/IMG-20210913-WA0065.jpg 797w, https:\/\/dialogbrhv.de\/wp-content\/uploads\/2021\/09\/IMG-20210913-WA0065-233x300.jpg 233w, https:\/\/dialogbrhv.de\/wp-content\/uploads\/2021\/09\/IMG-20210913-WA0065-117x150.jpg 117w, https:\/\/dialogbrhv.de\/wp-content\/uploads\/2021\/09\/IMG-20210913-WA0065-768x987.jpg 768w\" sizes=\"(max-width: 797px) 100vw, 797px\" \/><\/figure><\/li><li class=\"coblocks-gallery--item\"><figure class=\"coblocks-gallery--figure\"><img loading=\"lazy\" width=\"1024\" height=\"768\" src=\"https:\/\/dialogbrhv.de\/wp-content\/uploads\/2021\/09\/IMG-20210913-WA0061.jpg\" alt=\"\" data-id=\"1746\" data-imglink=\"\" data-link=\"https:\/\/dialogbrhv.de\/img-20210913-wa0061\/\" class=\"wp-image-1746\" srcset=\"https:\/\/dialogbrhv.de\/wp-content\/uploads\/2021\/09\/IMG-20210913-WA0061.jpg 1024w, https:\/\/dialogbrhv.de\/wp-content\/uploads\/2021\/09\/IMG-20210913-WA0061-300x225.jpg 300w, https:\/\/dialogbrhv.de\/wp-content\/uploads\/2021\/09\/IMG-20210913-WA0061-150x113.jpg 150w, https:\/\/dialogbrhv.de\/wp-content\/uploads\/2021\/09\/IMG-20210913-WA0061-768x576.jpg 768w\" sizes=\"(max-width: 1024px) 100vw, 1024px\" \/><\/figure><\/li><li class=\"coblocks-gallery--item\"><figure class=\"coblocks-gallery--figure\"><img loading=\"lazy\" width=\"1024\" height=\"768\" src=\"https:\/\/dialogbrhv.de\/wp-content\/uploads\/2021\/09\/IMG-20210916-WA0002.jpg\" alt=\"\" data-id=\"1827\" data-imglink=\"\" data-link=\"https:\/\/dialogbrhv.de\/index.php\/2021\/09\/16\/fest-der-demokratie\/img-20210916-wa0002\/\" class=\"wp-image-1827\" srcset=\"https:\/\/dialogbrhv.de\/wp-content\/uploads\/2021\/09\/IMG-20210916-WA0002.jpg 1024w, https:\/\/dialogbrhv.de\/wp-content\/uploads\/2021\/09\/IMG-20210916-WA0002-300x225.jpg 300w, https:\/\/dialogbrhv.de\/wp-content\/uploads\/2021\/09\/IMG-20210916-WA0002-150x113.jpg 150w, https:\/\/dialogbrhv.de\/wp-content\/uploads\/2021\/09\/IMG-20210916-WA0002-768x576.jpg 768w\" sizes=\"(max-width: 1024px) 100vw, 1024px\" \/><\/figure><\/li><li class=\"coblocks-gallery--item\"><figure class=\"coblocks-gallery--figure\"><img loading=\"lazy\" width=\"768\" height=\"1024\" src=\"https:\/\/dialogbrhv.de\/wp-content\/uploads\/2021\/09\/IMG-20210913-WA0070-1.jpg\" alt=\"\" data-id=\"1838\" data-imglink=\"\" data-link=\"https:\/\/dialogbrhv.de\/index.php\/2021\/09\/16\/fest-der-demokratie\/img-20210913-wa0070-1\/\" class=\"wp-image-1838\" srcset=\"https:\/\/dialogbrhv.de\/wp-content\/uploads\/2021\/09\/IMG-20210913-WA0070-1.jpg 768w, https:\/\/dialogbrhv.de\/wp-content\/uploads\/2021\/09\/IMG-20210913-WA0070-1-225x300.jpg 225w, https:\/\/dialogbrhv.de\/wp-content\/uploads\/2021\/09\/IMG-20210913-WA0070-1-113x150.jpg 113w\" sizes=\"(max-width: 768px) 100vw, 768px\" \/><\/figure><\/li><li class=\"coblocks-gallery--item\"><figure class=\"coblocks-gallery--figure\"><img loading=\"lazy\" width=\"1024\" height=\"768\" src=\"https:\/\/dialogbrhv.de\/wp-content\/uploads\/2021\/09\/IMG-20210916-WA0008.jpg\" alt=\"\" data-id=\"1833\" data-imglink=\"\" data-link=\"https:\/\/dialogbrhv.de\/index.php\/2021\/09\/16\/fest-der-demokratie\/img-20210916-wa0008\/\" class=\"wp-image-1833\" srcset=\"https:\/\/dialogbrhv.de\/wp-content\/uploads\/2021\/09\/IMG-20210916-WA0008.jpg 1024w, https:\/\/dialogbrhv.de\/wp-content\/uploads\/2021\/09\/IMG-20210916-WA0008-300x225.jpg 300w, https:\/\/dialogbrhv.de\/wp-content\/uploads\/2021\/09\/IMG-20210916-WA0008-150x113.jpg 150w, https:\/\/dialogbrhv.de\/wp-content\/uploads\/2021\/09\/IMG-20210916-WA0008-768x576.jpg 768w\" sizes=\"(max-width: 1024px) 100vw, 1024px\" \/><\/figure><\/li><li class=\"coblocks-gallery--item\"><figure class=\"coblocks-gallery--figure\"><img loading=\"lazy\" width=\"1024\" height=\"768\" src=\"https:\/\/dialogbrhv.de\/wp-content\/uploads\/2021\/09\/IMG-20210916-WA0003.jpg\" alt=\"\" data-id=\"1828\" data-imglink=\"\" data-link=\"https:\/\/dialogbrhv.de\/index.php\/2021\/09\/16\/fest-der-demokratie\/img-20210916-wa0003\/\" class=\"wp-image-1828\" srcset=\"https:\/\/dialogbrhv.de\/wp-content\/uploads\/2021\/09\/IMG-20210916-WA0003.jpg 1024w, https:\/\/dialogbrhv.de\/wp-content\/uploads\/2021\/09\/IMG-20210916-WA0003-300x225.jpg 300w, https:\/\/dialogbrhv.de\/wp-content\/uploads\/2021\/09\/IMG-20210916-WA0003-150x113.jpg 150w, https:\/\/dialogbrhv.de\/wp-content\/uploads\/2021\/09\/IMG-20210916-WA0003-768x576.jpg 768w\" sizes=\"(max-width: 1024px) 100vw, 1024px\" \/><\/figure><\/li><li class=\"coblocks-gallery--item\"><figure class=\"coblocks-gallery--figure\"><img loading=\"lazy\" width=\"1024\" height=\"768\" src=\"https:\/\/dialogbrhv.de\/wp-content\/uploads\/2021\/09\/IMG-20210916-WA0004.jpg\" alt=\"\" data-id=\"1829\" data-imglink=\"\" data-link=\"https:\/\/dialogbrhv.de\/index.php\/2021\/09\/16\/fest-der-demokratie\/img-20210916-wa0004\/\" class=\"wp-image-1829\" srcset=\"https:\/\/dialogbrhv.de\/wp-content\/uploads\/2021\/09\/IMG-20210916-WA0004.jpg 1024w, https:\/\/dialogbrhv.de\/wp-content\/uploads\/2021\/09\/IMG-20210916-WA0004-300x225.jpg 300w, https:\/\/dialogbrhv.de\/wp-content\/uploads\/2021\/09\/IMG-20210916-WA0004-150x113.jpg 150w, https:\/\/dialogbrhv.de\/wp-content\/uploads\/2021\/09\/IMG-20210916-WA0004-768x576.jpg 768w\" sizes=\"(max-width: 1024px) 100vw, 1024px\" \/><\/figure><\/li><li class=\"coblocks-gallery--item\"><figure class=\"coblocks-gallery--figure\"><img loading=\"lazy\" width=\"768\" height=\"1024\" src=\"https:\/\/dialogbrhv.de\/wp-content\/uploads\/2021\/09\/IMG-20210916-WA0007.jpg\" alt=\"\" data-id=\"1832\" data-imglink=\"\" data-link=\"https:\/\/dialogbrhv.de\/index.php\/2021\/09\/16\/fest-der-demokratie\/img-20210916-wa0007\/\" class=\"wp-image-1832\" srcset=\"https:\/\/dialogbrhv.de\/wp-content\/uploads\/2021\/09\/IMG-20210916-WA0007.jpg 768w, https:\/\/dialogbrhv.de\/wp-content\/uploads\/2021\/09\/IMG-20210916-WA0007-225x300.jpg 225w, https:\/\/dialogbrhv.de\/wp-content\/uploads\/2021\/09\/IMG-20210916-WA0007-113x150.jpg 113w\" sizes=\"(max-width: 768px) 100vw, 768px\" \/><\/figure><\/li><li class=\"coblocks-gallery--item\"><figure class=\"coblocks-gallery--figure\"><img loading=\"lazy\" width=\"1024\" height=\"768\" src=\"https:\/\/dialogbrhv.de\/wp-content\/uploads\/2021\/09\/IMG-20210916-WA0006.jpg\" alt=\"\" data-id=\"1831\" data-imglink=\"\" data-link=\"https:\/\/dialogbrhv.de\/index.php\/2021\/09\/16\/fest-der-demokratie\/img-20210916-wa0006\/\" class=\"wp-image-1831\" srcset=\"https:\/\/dialogbrhv.de\/wp-content\/uploads\/2021\/09\/IMG-20210916-WA0006.jpg 1024w, https:\/\/dialogbrhv.de\/wp-content\/uploads\/2021\/09\/IMG-20210916-WA0006-300x225.jpg 300w, https:\/\/dialogbrhv.de\/wp-content\/uploads\/2021\/09\/IMG-20210916-WA0006-150x113.jpg 150w, https:\/\/dialogbrhv.de\/wp-content\/uploads\/2021\/09\/IMG-20210916-WA0006-768x576.jpg 768w\" sizes=\"(max-width: 1024px) 100vw, 1024px\" \/><\/figure><\/li><li class=\"coblocks-gallery--item\"><figure class=\"coblocks-gallery--figure\"><img loading=\"lazy\" width=\"1024\" height=\"714\" src=\"https:\/\/dialogbrhv.de\/wp-content\/uploads\/2021\/09\/IMG-20210913-WA0051-1.jpg\" alt=\"\" data-id=\"1837\" data-imglink=\"\" data-link=\"https:\/\/dialogbrhv.de\/index.php\/2021\/09\/16\/fest-der-demokratie\/img-20210913-wa0051-1\/\" class=\"wp-image-1837\" srcset=\"https:\/\/dialogbrhv.de\/wp-content\/uploads\/2021\/09\/IMG-20210913-WA0051-1.jpg 1024w, https:\/\/dialogbrhv.de\/wp-content\/uploads\/2021\/09\/IMG-20210913-WA0051-1-300x209.jpg 300w, https:\/\/dialogbrhv.de\/wp-content\/uploads\/2021\/09\/IMG-20210913-WA0051-1-150x105.jpg 150w, https:\/\/dialogbrhv.de\/wp-content\/uploads\/2021\/09\/IMG-20210913-WA0051-1-768x536.jpg 768w\" sizes=\"(max-width: 1024px) 100vw, 1024px\" \/><\/figure><\/li><\/ul><\/div><\/div>\n\n\n\n<h1 style=\"text-align: center;\">B\u00fcndnisrede zum Festauftakt<\/h1>\n\n\n\n<div class=\"wp-block-columns\">\n<div class=\"wp-block-column\">\n<p>Moin und herzlich Willkommen bei unserem Fest f\u00fcr Demokratie!<\/p>\n<p>Dieses Fest haben wir als den H\u00f6hepunkt unserer Aktivit\u00e4ten zur Bundestagswahl geplant. In der Vorbereitung ergaben sich eine Terminverschiebung und wegen technischer Probleme auch eine \u00f6rtliche Verlegung. Nun sind wir hier auf dem sch\u00f6nen, gr\u00fcnen Au\u00dfengel\u00e4nde des DIALOGs und f\u00fchlen uns hier auch gut aufgehoben. Vielen Dank an den Verein f\u00fcr gleiche Rechte, dass wir heute hier sein d\u00fcrfen und so toll von euch unterst\u00fctzt werden.<\/p>\n<p>Gerade heute gibt es mit dem kurzfristig angesetzten Theaterfest, dem Art Space in der Alten B\u00fcrger und einem Fest auf dem Zolli sehr attraktive Veranstaltungen in der Stadt. Umso mehr freuen wir uns \u00fcber euch, die ihr den Weg hierher gemacht habt, um mit uns zu feiern.<\/p>\n<p>Unser &#8222;Fest f\u00fcr Demokratie&#8220; soll aber keine blo\u00dfe Party sein. Es geht auch und vor allem um das Festsein und Standhalten. Um das Einfordern und Verteidigen von demokratischen Rechten und darum, Nazis und anderen Rechten entgegenzutreten, wo immer sie auftreten wollen. Wir wollen keinen Millimeter nach Rechts. Und wir wollen, dass Bremerhaven bunt bleibt. Wir stehen f\u00fcr eine Stadt, in der alle, die hier zuhause sind, friedlich, mit gleichen Rechten und Chancen und in Solidarit\u00e4t zusammenleben k\u00f6nnen.<\/p>\n<p>Von all dem ist im gegenw\u00e4rtigen Bundestagswahlkampf wenig zu sp\u00fcren. Weil die Lage geradezu nach Ver\u00e4nderung schreit, bleibt einigen nichts anderes \u00fcbrig, als in die antikommunistische Mottenkiste zu greifen. Die \u00fcblichen Tiraden, inzwischen \u00fcber hundert Jahre alt. <br>Ich pers\u00f6nlich finde das \u00e4tzend und geradezu unanst\u00e4ndig, wie man selbst Personen der j\u00fcngeren Geschichte beleidigt, weil sie angeblich immer auf der falschen Seite der Geschichte gestanden h\u00e4tten. Ich denke im Gegenteil, eine Politikerpers\u00f6nlichkeit wie Willy Brand &#8211; wenn es sie denn g\u00e4be &#8211; t\u00e4te aktuell diesem Land, unseren Nachbarn und der internationalen Politik sehr gut.<\/p>\n<p>Aber danach siehts nicht aus. Wer wei\u00df, vielleicht wird irgendwann noch die Internationale umgetextet werden. &#8222;In Stadt und Land ihr Arbeitsleute, wir sind die st\u00e4rkste der Parteien&#8230;&#8220; hei\u00dft es ja darin so sch\u00f6n. Wie sieht es denn diesbez\u00fcglich heute aus? Wer war Siegerin der letzten Bundestagswahl 2017? Die CDU\/CSU. OK. Und wer kam dann? Nein, nicht die SPD! <br>23,8% der Wahlberechtigten haben n\u00e4mlich gar nicht gew\u00e4hlt. Sie lagen damit nur 2 Prozent hinter der CDU und vor allen anderen Parteien. Es geht genau um 14. 712. 144 Menschen, die keinen Sinn darin sahen, zur Wahl zu gehen. Bei der letzten Europawahl betrug die Zahl der Nichtw\u00e4hler*innen sogar 23. 792. 517 . Was w\u00fcrde passieren, wenn diese Menschen in Bewegung k\u00e4men?<\/p>\n<\/div>\n\n\n\n<div class=\"wp-block-column\">\n<p>Und es gibt noch ein paar Zahlen, die uns nicht egal sein d\u00fcrfen. 60,4 Millionen d\u00fcrfen bei dieser Bundestagswahl w\u00e4hlen. 22, 7 d\u00fcrfen nicht w\u00e4hlen. Knapp 13 Millionen sind zu jung. Aber ca 10 Millionen d\u00fcrfen nicht w\u00e4hlen, weil sie keine deutsche Staatsb\u00fcrgerschaft haben. Sie leben zum Teil seit Jahrzehnten hier, arbeiten, zahlen Steuern, d\u00fcrfen aber \u00fcber nichts mitentscheiden. &#8222;Ihnen wird st\u00e4rker als Menschen mit deutschem Pass auf die Finger geschaut, ob sie sich gut integrieren, einen sicheren Job finden oder ihre Kinder ordentlich Deutsch sprechen. Aber ihnen wird verwehrt, sich zur entscheidenden Frage zu \u00e4u\u00dfern: WER sie regiert.&#8220; Nur EU B\u00fcrger*innen d\u00fcrfen hier an Kommunalwahlen teilnehmen. <br>Ihre Meinung dazu k\u00f6nnen die Betroffenen beim Fris\u00f6r oder auf facebook rauslassen, aber keinesfalls im Wahllokal. Das muss nicht so bleiben. Inzwischen gibt es einige L\u00e4nder, die das anders machen. ( Chile, Uruguay, Neuseeland und Schottland) <br>Hier wird oft argumentiert, man k\u00f6nne sich ja einb\u00fcrgern lassen. Doch daf\u00fcr gibt es immer noch hohe b\u00fcrokratische H\u00fcrden. Und es gibt f\u00fcr viele Betroffene auch gute Gr\u00fcnde, ihre alte Staatsb\u00fcrgerschaft nicht ganz aufzugeben. Doppelte Staatsb\u00fcrgerschaft und Wahlrecht f\u00fcr alle muss deshalb auf die Tagesordnung. \u00dcbrigens, nur am Rande bemerkt. Es hat hier am Ort bereits in den achtziger Jahren ein sehr aktives B\u00fcndnis zu diesem Thema gegeben. Das nannte sich in Anlehnung an die Forderung der amerikanischen B\u00fcrgerrechtsbewegung &#8220; Ein Mensch &#8211; eine Stimme!&#8220;<\/p>\n<p>Doch zur\u00fcck zur Gegenwart.<\/p>\n<p>Auf die Wahlen wird Sascha Kuntzmann vom DGB gleich noch eingehen.<br><br>Und am Infostand findet ihr unseren Wahlaufruf, der auch diesmal von zahlreichen Organisationen und Einzelpersonen unterzeichnet wurde. Au\u00dferdem sind dort unsere weiteren Flyer zur Wahl, unsere B\u00fcndnis-Chronik, jede Menge Aufkleber und CDs vom Songwettbewerb zu bekommen.<\/p>\n<p>Ich m\u00f6chte noch erw\u00e4hnen, dass wir noch einen sch\u00f6nen Grund haben f\u00fcr unser Fest: <br>vor genau drei Jahren wurde hier im DIALOG unser Aktionsb\u00fcndnis gegr\u00fcndet. Also lasst uns feiern, reden, tanzen. Und morgen gehts weiter mit dem Wahlkampf gegen Rechts.<\/p>\n<\/div>\n<\/div>\n\n\n","protected":false},"excerpt":{"rendered":"<p>&#8222;So ein B\u00fcndnis wird gebraucht&#8220; ( Textzeile aus einem spontanen Geburtstagsst\u00e4ndchen f\u00fcr das Aktionsb\u00fcndnis gegen Rechts) Am 12.09. war das<\/p>\n","protected":false},"author":6,"featured_media":1000,"comment_status":"closed","ping_status":"closed","sticky":true,"template":"template-fullwidth.php","format":"standard","meta":{"_coblocks_attr":"","_coblocks_dimensions":"","_coblocks_responsive_height":"","_coblocks_accordion_ie_support":"","inline_featured_image":false,"spay_email":"","jetpack_publicize_message":"","jetpack_is_tweetstorm":false,"jetpack_publicize_feature_enabled":true},"categories":[9,4],"tags":[],"yoast_head":"<!-- This site is optimized with the Yoast SEO plugin v18.3 - https:\/\/yoast.com\/wordpress\/plugins\/seo\/ -->\n<title>Impressionen vom Fest der Demokratie - Dialog - Verein f\u00fcr gleiche Rechte e.V.<\/title>\n<meta name=\"description\" content=\"Impressionen vom Fest der Demokratie\" \/>\n<meta name=\"robots\" content=\"index, follow, max-snippet:-1, max-image-preview:large, max-video-preview:-1\" \/>\n<link rel=\"canonical\" href=\"https:\/\/dialogbrhv.de\/index.php\/2021\/09\/16\/fest-der-demokratie\/\" \/>\n<meta property=\"og:locale\" content=\"de_DE\" \/>\n<meta property=\"og:type\" content=\"article\" \/>\n<meta property=\"og:title\" content=\"Impressionen vom Fest der Demokratie - Dialog - Verein f\u00fcr gleiche Rechte e.V.\" \/>\n<meta property=\"og:description\" content=\"Impressionen vom Fest der Demokratie\" \/>\n<meta property=\"og:url\" content=\"https:\/\/dialogbrhv.de\/index.php\/2021\/09\/16\/fest-der-demokratie\/\" \/>\n<meta property=\"og:site_name\" content=\"Dialog - Verein f\u00fcr gleiche Rechte e.V.\" \/>\n<meta property=\"article:published_time\" content=\"2021-09-16T03:38:52+00:00\" \/>\n<meta property=\"article:modified_time\" content=\"2021-09-17T06:54:24+00:00\" \/>\n<meta property=\"og:image\" content=\"https:\/\/dialogbrhv.de\/wp-content\/uploads\/2019\/10\/Logo_BBB_weiss_mitHG-rotated-farbig.geaendert-2.png\" \/>\n\t<meta property=\"og:image:width\" content=\"500\" \/>\n\t<meta property=\"og:image:height\" content=\"412\" \/>\n\t<meta property=\"og:image:type\" content=\"image\/png\" \/>\n<meta name=\"twitter:card\" content=\"summary_large_image\" \/>\n<meta name=\"twitter:label1\" content=\"Verfasst von\" \/>\n\t<meta name=\"twitter:data1\" content=\"Webmaster\" \/>\n\t<meta name=\"twitter:label2\" content=\"Gesch\u00e4tzte Lesezeit\" \/>\n\t<meta name=\"twitter:data2\" content=\"10 Minuten\" \/>\n<script type=\"application\/ld+json\" class=\"yoast-schema-graph\">{\"@context\":\"https:\/\/schema.org\",\"@graph\":[{\"@type\":\"Organization\",\"@id\":\"http:\/\/dialogbrhv.de\/#organization\",\"name\":\"DIALOG - Verein f\u00fcr gleiche Rechte e.V.\",\"url\":\"http:\/\/dialogbrhv.de\/\",\"sameAs\":[],\"logo\":{\"@type\":\"ImageObject\",\"@id\":\"http:\/\/dialogbrhv.de\/#logo\",\"inLanguage\":\"de-DE\",\"url\":\"https:\/\/dialogbrhv.de\/wp-content\/uploads\/2019\/09\/dialog_logo_v3.0_text_ausrichtungen_grundvorlage_dialog_normal_textstil1_17cm_stern_globus.svg_.png\",\"contentUrl\":\"https:\/\/dialogbrhv.de\/wp-content\/uploads\/2019\/09\/dialog_logo_v3.0_text_ausrichtungen_grundvorlage_dialog_normal_textstil1_17cm_stern_globus.svg_.png\",\"width\":211,\"height\":214,\"caption\":\"DIALOG - Verein f\u00fcr gleiche Rechte e.V.\"},\"image\":{\"@id\":\"http:\/\/dialogbrhv.de\/#logo\"}},{\"@type\":\"WebSite\",\"@id\":\"http:\/\/dialogbrhv.de\/#website\",\"url\":\"http:\/\/dialogbrhv.de\/\",\"name\":\"Dialog - Verein f\u00fcr gleiche Rechte e.V.\",\"description\":\"\",\"publisher\":{\"@id\":\"http:\/\/dialogbrhv.de\/#organization\"},\"potentialAction\":[{\"@type\":\"SearchAction\",\"target\":{\"@type\":\"EntryPoint\",\"urlTemplate\":\"http:\/\/dialogbrhv.de\/?s={search_term_string}\"},\"query-input\":\"required name=search_term_string\"}],\"inLanguage\":\"de-DE\"},{\"@type\":\"ImageObject\",\"@id\":\"https:\/\/dialogbrhv.de\/index.php\/2021\/09\/16\/fest-der-demokratie\/#primaryimage\",\"inLanguage\":\"de-DE\",\"url\":\"https:\/\/dialogbrhv.de\/wp-content\/uploads\/2019\/10\/Logo_BBB_weiss_mitHG-rotated-farbig.geaendert-2.png\",\"contentUrl\":\"https:\/\/dialogbrhv.de\/wp-content\/uploads\/2019\/10\/Logo_BBB_weiss_mitHG-rotated-farbig.geaendert-2.png\",\"width\":500,\"height\":412},{\"@type\":\"WebPage\",\"@id\":\"https:\/\/dialogbrhv.de\/index.php\/2021\/09\/16\/fest-der-demokratie\/#webpage\",\"url\":\"https:\/\/dialogbrhv.de\/index.php\/2021\/09\/16\/fest-der-demokratie\/\",\"name\":\"Impressionen vom Fest der Demokratie - Dialog - Verein f\u00fcr gleiche Rechte e.V.\",\"isPartOf\":{\"@id\":\"http:\/\/dialogbrhv.de\/#website\"},\"primaryImageOfPage\":{\"@id\":\"https:\/\/dialogbrhv.de\/index.php\/2021\/09\/16\/fest-der-demokratie\/#primaryimage\"},\"datePublished\":\"2021-09-16T03:38:52+00:00\",\"dateModified\":\"2021-09-17T06:54:24+00:00\",\"description\":\"Impressionen vom Fest der Demokratie\",\"breadcrumb\":{\"@id\":\"https:\/\/dialogbrhv.de\/index.php\/2021\/09\/16\/fest-der-demokratie\/#breadcrumb\"},\"inLanguage\":\"de-DE\",\"potentialAction\":[{\"@type\":\"ReadAction\",\"target\":[\"https:\/\/dialogbrhv.de\/index.php\/2021\/09\/16\/fest-der-demokratie\/\"]}]},{\"@type\":\"BreadcrumbList\",\"@id\":\"https:\/\/dialogbrhv.de\/index.php\/2021\/09\/16\/fest-der-demokratie\/#breadcrumb\",\"itemListElement\":[{\"@type\":\"ListItem\",\"position\":1,\"name\":\"Startseite\",\"item\":\"http:\/\/dialogbrhv.de\/\"},{\"@type\":\"ListItem\",\"position\":2,\"name\":\"Impressionen vom Fest der Demokratie\"}]},{\"@type\":\"Article\",\"@id\":\"https:\/\/dialogbrhv.de\/index.php\/2021\/09\/16\/fest-der-demokratie\/#article\",\"isPartOf\":{\"@id\":\"https:\/\/dialogbrhv.de\/index.php\/2021\/09\/16\/fest-der-demokratie\/#webpage\"},\"author\":{\"@id\":\"http:\/\/dialogbrhv.de\/#\/schema\/person\/f3a463a30592a39e561e4e43d7a25364\"},\"headline\":\"Impressionen vom Fest der Demokratie\",\"datePublished\":\"2021-09-16T03:38:52+00:00\",\"dateModified\":\"2021-09-17T06:54:24+00:00\",\"mainEntityOfPage\":{\"@id\":\"https:\/\/dialogbrhv.de\/index.php\/2021\/09\/16\/fest-der-demokratie\/#webpage\"},\"wordCount\":1067,\"publisher\":{\"@id\":\"http:\/\/dialogbrhv.de\/#organization\"},\"image\":{\"@id\":\"https:\/\/dialogbrhv.de\/index.php\/2021\/09\/16\/fest-der-demokratie\/#primaryimage\"},\"thumbnailUrl\":\"https:\/\/dialogbrhv.de\/wp-content\/uploads\/2019\/10\/Logo_BBB_weiss_mitHG-rotated-farbig.geaendert-2.png\",\"articleSection\":[\"Aktuelles\"],\"inLanguage\":\"de-DE\"},{\"@type\":\"Person\",\"@id\":\"http:\/\/dialogbrhv.de\/#\/schema\/person\/f3a463a30592a39e561e4e43d7a25364\",\"name\":\"Webmaster\",\"image\":{\"@type\":\"ImageObject\",\"@id\":\"http:\/\/dialogbrhv.de\/#personlogo\",\"inLanguage\":\"de-DE\",\"url\":\"https:\/\/dialogbrhv.de\/wp-content\/uploads\/2022\/03\/dialog_logo_300dpi.svg\",\"contentUrl\":\"https:\/\/dialogbrhv.de\/wp-content\/uploads\/2022\/03\/dialog_logo_300dpi.svg\",\"caption\":\"Webmaster\"},\"url\":\"https:\/\/dialogbrhv.de\/index.php\/author\/webmaster\/\"}]}<\/script>\n<!-- \/ Yoast SEO plugin. -->","yoast_head_json":{"title":"Impressionen vom Fest der Demokratie - Dialog - Verein f\u00fcr gleiche Rechte e.V.","description":"Impressionen vom Fest der Demokratie","robots":{"index":"index","follow":"follow","max-snippet":"max-snippet:-1","max-image-preview":"max-image-preview:large","max-video-preview":"max-video-preview:-1"},"canonical":"https:\/\/dialogbrhv.de\/index.php\/2021\/09\/16\/fest-der-demokratie\/","og_locale":"de_DE","og_type":"article","og_title":"Impressionen vom Fest der Demokratie - Dialog - Verein f\u00fcr gleiche Rechte e.V.","og_description":"Impressionen vom Fest der Demokratie","og_url":"https:\/\/dialogbrhv.de\/index.php\/2021\/09\/16\/fest-der-demokratie\/","og_site_name":"Dialog - Verein f\u00fcr gleiche Rechte e.V.","article_published_time":"2021-09-16T03:38:52+00:00","article_modified_time":"2021-09-17T06:54:24+00:00","og_image":[{"width":500,"height":412,"url":"https:\/\/dialogbrhv.de\/wp-content\/uploads\/2019\/10\/Logo_BBB_weiss_mitHG-rotated-farbig.geaendert-2.png","type":"image\/png"}],"twitter_card":"summary_large_image","twitter_misc":{"Verfasst von":"Webmaster","Gesch\u00e4tzte Lesezeit":"10 Minuten"},"schema":{"@context":"https:\/\/schema.org","@graph":[{"@type":"Organization","@id":"http:\/\/dialogbrhv.de\/#organization","name":"DIALOG - Verein f\u00fcr gleiche Rechte e.V.","url":"http:\/\/dialogbrhv.de\/","sameAs":[],"logo":{"@type":"ImageObject","@id":"http:\/\/dialogbrhv.de\/#logo","inLanguage":"de-DE","url":"https:\/\/dialogbrhv.de\/wp-content\/uploads\/2019\/09\/dialog_logo_v3.0_text_ausrichtungen_grundvorlage_dialog_normal_textstil1_17cm_stern_globus.svg_.png","contentUrl":"https:\/\/dialogbrhv.de\/wp-content\/uploads\/2019\/09\/dialog_logo_v3.0_text_ausrichtungen_grundvorlage_dialog_normal_textstil1_17cm_stern_globus.svg_.png","width":211,"height":214,"caption":"DIALOG - Verein f\u00fcr gleiche Rechte e.V."},"image":{"@id":"http:\/\/dialogbrhv.de\/#logo"}},{"@type":"WebSite","@id":"http:\/\/dialogbrhv.de\/#website","url":"http:\/\/dialogbrhv.de\/","name":"Dialog - Verein f\u00fcr gleiche Rechte e.V.","description":"","publisher":{"@id":"http:\/\/dialogbrhv.de\/#organization"},"potentialAction":[{"@type":"SearchAction","target":{"@type":"EntryPoint","urlTemplate":"http:\/\/dialogbrhv.de\/?s={search_term_string}"},"query-input":"required name=search_term_string"}],"inLanguage":"de-DE"},{"@type":"ImageObject","@id":"https:\/\/dialogbrhv.de\/index.php\/2021\/09\/16\/fest-der-demokratie\/#primaryimage","inLanguage":"de-DE","url":"https:\/\/dialogbrhv.de\/wp-content\/uploads\/2019\/10\/Logo_BBB_weiss_mitHG-rotated-farbig.geaendert-2.png","contentUrl":"https:\/\/dialogbrhv.de\/wp-content\/uploads\/2019\/10\/Logo_BBB_weiss_mitHG-rotated-farbig.geaendert-2.png","width":500,"height":412},{"@type":"WebPage","@id":"https:\/\/dialogbrhv.de\/index.php\/2021\/09\/16\/fest-der-demokratie\/#webpage","url":"https:\/\/dialogbrhv.de\/index.php\/2021\/09\/16\/fest-der-demokratie\/","name":"Impressionen vom Fest der Demokratie - Dialog - Verein f\u00fcr gleiche Rechte e.V.","isPartOf":{"@id":"http:\/\/dialogbrhv.de\/#website"},"primaryImageOfPage":{"@id":"https:\/\/dialogbrhv.de\/index.php\/2021\/09\/16\/fest-der-demokratie\/#primaryimage"},"datePublished":"2021-09-16T03:38:52+00:00","dateModified":"2021-09-17T06:54:24+00:00","description":"Impressionen vom Fest der Demokratie","breadcrumb":{"@id":"https:\/\/dialogbrhv.de\/index.php\/2021\/09\/16\/fest-der-demokratie\/#breadcrumb"},"inLanguage":"de-DE","potentialAction":[{"@type":"ReadAction","target":["https:\/\/dialogbrhv.de\/index.php\/2021\/09\/16\/fest-der-demokratie\/"]}]},{"@type":"BreadcrumbList","@id":"https:\/\/dialogbrhv.de\/index.php\/2021\/09\/16\/fest-der-demokratie\/#breadcrumb","itemListElement":[{"@type":"ListItem","position":1,"name":"Startseite","item":"http:\/\/dialogbrhv.de\/"},{"@type":"ListItem","position":2,"name":"Impressionen vom Fest der Demokratie"}]},{"@type":"Article","@id":"https:\/\/dialogbrhv.de\/index.php\/2021\/09\/16\/fest-der-demokratie\/#article","isPartOf":{"@id":"https:\/\/dialogbrhv.de\/index.php\/2021\/09\/16\/fest-der-demokratie\/#webpage"},"author":{"@id":"http:\/\/dialogbrhv.de\/#\/schema\/person\/f3a463a30592a39e561e4e43d7a25364"},"headline":"Impressionen vom Fest der Demokratie","datePublished":"2021-09-16T03:38:52+00:00","dateModified":"2021-09-17T06:54:24+00:00","mainEntityOfPage":{"@id":"https:\/\/dialogbrhv.de\/index.php\/2021\/09\/16\/fest-der-demokratie\/#webpage"},"wordCount":1067,"publisher":{"@id":"http:\/\/dialogbrhv.de\/#organization"},"image":{"@id":"https:\/\/dialogbrhv.de\/index.php\/2021\/09\/16\/fest-der-demokratie\/#primaryimage"},"thumbnailUrl":"https:\/\/dialogbrhv.de\/wp-content\/uploads\/2019\/10\/Logo_BBB_weiss_mitHG-rotated-farbig.geaendert-2.png","articleSection":["Aktuelles"],"inLanguage":"de-DE"},{"@type":"Person","@id":"http:\/\/dialogbrhv.de\/#\/schema\/person\/f3a463a30592a39e561e4e43d7a25364","name":"Webmaster","image":{"@type":"ImageObject","@id":"http:\/\/dialogbrhv.de\/#personlogo","inLanguage":"de-DE","url":"https:\/\/dialogbrhv.de\/wp-content\/uploads\/2022\/03\/dialog_logo_300dpi.svg","contentUrl":"https:\/\/dialogbrhv.de\/wp-content\/uploads\/2022\/03\/dialog_logo_300dpi.svg","caption":"Webmaster"},"url":"https:\/\/dialogbrhv.de\/index.php\/author\/webmaster\/"}]}},"jetpack_featured_media_url":"https:\/\/dialogbrhv.de\/wp-content\/uploads\/2019\/10\/Logo_BBB_weiss_mitHG-rotated-farbig.geaendert-2.png","jetpack_publicize_connections":[],"_links":{"self":[{"href":"https:\/\/dialogbrhv.de\/index.php\/wp-json\/wp\/v2\/posts\/1721"}],"collection":[{"href":"https:\/\/dialogbrhv.de\/index.php\/wp-json\/wp\/v2\/posts"}],"about":[{"href":"https:\/\/dialogbrhv.de\/index.php\/wp-json\/wp\/v2\/types\/post"}],"author":[{"embeddable":true,"href":"https:\/\/dialogbrhv.de\/index.php\/wp-json\/wp\/v2\/users\/6"}],"replies":[{"embeddable":true,"href":"https:\/\/dialogbrhv.de\/index.php\/wp-json\/wp\/v2\/comments?post=1721"}],"version-history":[{"count":9,"href":"https:\/\/dialogbrhv.de\/index.php\/wp-json\/wp\/v2\/posts\/1721\/revisions"}],"predecessor-version":[{"id":1877,"href":"https:\/\/dialogbrhv.de\/index.php\/wp-json\/wp\/v2\/posts\/1721\/revisions\/1877"}],"wp:featuredmedia":[{"embeddable":true,"href":"https:\/\/dialogbrhv.de\/index.php\/wp-json\/wp\/v2\/media\/1000"}],"wp:attachment":[{"href":"https:\/\/dialogbrhv.de\/index.php\/wp-json\/wp\/v2\/media?parent=1721"}],"wp:term":[{"taxonomy":"category","embeddable":true,"href":"https:\/\/dialogbrhv.de\/index.php\/wp-json\/wp\/v2\/categories?post=1721"},{"taxonomy":"post_tag","embeddable":true,"href":"https:\/\/dialogbrhv.de\/index.php\/wp-json\/wp\/v2\/tags?post=1721"}],"curies":[{"name":"wp","href":"https:\/\/api.w.org\/{rel}","templated":true}]}}