{"id":1042,"date":"2019-11-03T15:56:24","date_gmt":"2019-11-03T14:56:24","guid":{"rendered":"https:\/\/dialogbrhv.de\/?p=1042"},"modified":"2021-08-07T07:01:04","modified_gmt":"2021-08-07T05:01:04","slug":"friedensklima","status":"publish","type":"post","link":"https:\/\/dialogbrhv.de\/index.php\/2019\/11\/03\/friedensklima\/","title":{"rendered":"Friedensklima"},"content":{"rendered":"\n<p><img loading=\"lazy\" class=\"size-medium wp-image-1043 alignleft\" src=\"https:\/\/dialogbrhv.de\/wp-content\/uploads\/2019\/11\/Bild-Friedensklima-184x300.jpg\" alt=\"\" width=\"184\" height=\"300\" srcset=\"https:\/\/dialogbrhv.de\/wp-content\/uploads\/2019\/11\/Bild-Friedensklima-184x300.jpg 184w, https:\/\/dialogbrhv.de\/wp-content\/uploads\/2019\/11\/Bild-Friedensklima-768x1253.jpg 768w, https:\/\/dialogbrhv.de\/wp-content\/uploads\/2019\/11\/Bild-Friedensklima-628x1024.jpg 628w, https:\/\/dialogbrhv.de\/wp-content\/uploads\/2019\/11\/Bild-Friedensklima.jpg 898w\" sizes=\"(max-width: 184px) 100vw, 184px\" \/>Morgen startet die gemeinsame Veranstaltungsreihe von Evangelischer Dionysiusgemeinde Lehe, Evangelischer Jugend Bremerhaven und dem Aktionsb\u00fcndnis gegen Rechts # WIR SIND MEHR! BREMERHAVEN BLEIBT BUNT! im November. In den n\u00e4chsten Wochen treffen wir uns immer am Montag um 18.30 Uhr an der Alten Kirche in der Langen Stra\u00dfe. Dort gibt es im Rahmen von\u00a0 Friedensandachten Gespr\u00e4che mit Menschen, die sich f\u00fcr Frieden und gegen Faschismus einsetzen.<br \/>Im Anschluss findet eine Lichterkette und Mahnwache (am Gemeindehaus) Ecke Eisenbahnstra\u00dfe\/ Stresemannstra\u00dfe (B6) statt. <br \/><strong>Bitte nehmt zahlreich teil.<\/strong><\/p>\n","protected":false},"excerpt":{"rendered":"<p>Morgen startet die gemeinsame Veranstaltungsreihe von Evangelischer Dionysiusgemeinde Lehe, Evangelischer Jugend Bremerhaven und dem Aktionsb\u00fcndnis gegen Rechts # WIR SIND<\/p>\n","protected":false},"author":1,"featured_media":1000,"comment_status":"closed","ping_status":"closed","sticky":false,"template":"template-fullwidth.php","format":"standard","meta":{"_coblocks_attr":"","_coblocks_dimensions":"","_coblocks_responsive_height":"","_coblocks_accordion_ie_support":"","inline_featured_image":false,"spay_email":"","jetpack_publicize_message":"","jetpack_is_tweetstorm":false,"jetpack_publicize_feature_enabled":true},"categories":[4,1],"tags":[],"yoast_head":"<!-- This site is optimized with the Yoast SEO plugin v18.3 - https:\/\/yoast.com\/wordpress\/plugins\/seo\/ -->\n<title>Friedensklima - Dialog - Verein f\u00fcr gleiche Rechte e.V.<\/title>\n<meta name=\"robots\" content=\"index, follow, max-snippet:-1, max-image-preview:large, max-video-preview:-1\" \/>\n<link rel=\"canonical\" href=\"https:\/\/dialogbrhv.de\/index.php\/2019\/11\/03\/friedensklima\/\" \/>\n<meta property=\"og:locale\" content=\"de_DE\" \/>\n<meta property=\"og:type\" content=\"article\" \/>\n<meta property=\"og:title\" content=\"Friedensklima - Dialog - Verein f\u00fcr gleiche Rechte e.V.\" \/>\n<meta property=\"og:description\" content=\"Morgen startet die gemeinsame Veranstaltungsreihe von Evangelischer Dionysiusgemeinde Lehe, Evangelischer Jugend Bremerhaven und dem Aktionsb\u00fcndnis gegen Rechts # WIR SIND\" \/>\n<meta property=\"og:url\" content=\"https:\/\/dialogbrhv.de\/index.php\/2019\/11\/03\/friedensklima\/\" \/>\n<meta property=\"og:site_name\" content=\"Dialog - Verein f\u00fcr gleiche Rechte e.V.\" \/>\n<meta property=\"article:published_time\" content=\"2019-11-03T14:56:24+00:00\" \/>\n<meta property=\"article:modified_time\" content=\"2021-08-07T05:01:04+00:00\" \/>\n<meta property=\"og:image\" content=\"https:\/\/dialogbrhv.de\/wp-content\/uploads\/2019\/10\/Logo_BBB_weiss_mitHG-rotated-farbig.geaendert-2.png\" \/>\n\t<meta property=\"og:image:width\" content=\"500\" \/>\n\t<meta property=\"og:image:height\" content=\"412\" \/>\n\t<meta property=\"og:image:type\" content=\"image\/png\" \/>\n<meta name=\"twitter:card\" content=\"summary_large_image\" \/>\n<meta name=\"twitter:label1\" content=\"Verfasst von\" \/>\n\t<meta name=\"twitter:data1\" content=\"Rainer Piechura\" \/>\n<script type=\"application\/ld+json\" class=\"yoast-schema-graph\">{\"@context\":\"https:\/\/schema.org\",\"@graph\":[{\"@type\":\"Organization\",\"@id\":\"http:\/\/dialogbrhv.de\/#organization\",\"name\":\"DIALOG - Verein f\u00fcr gleiche Rechte e.V.\",\"url\":\"http:\/\/dialogbrhv.de\/\",\"sameAs\":[],\"logo\":{\"@type\":\"ImageObject\",\"@id\":\"http:\/\/dialogbrhv.de\/#logo\",\"inLanguage\":\"de-DE\",\"url\":\"https:\/\/dialogbrhv.de\/wp-content\/uploads\/2019\/09\/dialog_logo_v3.0_text_ausrichtungen_grundvorlage_dialog_normal_textstil1_17cm_stern_globus.svg_.png\",\"contentUrl\":\"https:\/\/dialogbrhv.de\/wp-content\/uploads\/2019\/09\/dialog_logo_v3.0_text_ausrichtungen_grundvorlage_dialog_normal_textstil1_17cm_stern_globus.svg_.png\",\"width\":211,\"height\":214,\"caption\":\"DIALOG - Verein f\u00fcr gleiche Rechte e.V.\"},\"image\":{\"@id\":\"http:\/\/dialogbrhv.de\/#logo\"}},{\"@type\":\"WebSite\",\"@id\":\"http:\/\/dialogbrhv.de\/#website\",\"url\":\"http:\/\/dialogbrhv.de\/\",\"name\":\"Dialog - Verein f\u00fcr gleiche Rechte e.V.\",\"description\":\"\",\"publisher\":{\"@id\":\"http:\/\/dialogbrhv.de\/#organization\"},\"potentialAction\":[{\"@type\":\"SearchAction\",\"target\":{\"@type\":\"EntryPoint\",\"urlTemplate\":\"http:\/\/dialogbrhv.de\/?s={search_term_string}\"},\"query-input\":\"required name=search_term_string\"}],\"inLanguage\":\"de-DE\"},{\"@type\":\"ImageObject\",\"@id\":\"https:\/\/dialogbrhv.de\/index.php\/2019\/11\/03\/friedensklima\/#primaryimage\",\"inLanguage\":\"de-DE\",\"url\":\"https:\/\/dialogbrhv.de\/wp-content\/uploads\/2019\/10\/Logo_BBB_weiss_mitHG-rotated-farbig.geaendert-2.png\",\"contentUrl\":\"https:\/\/dialogbrhv.de\/wp-content\/uploads\/2019\/10\/Logo_BBB_weiss_mitHG-rotated-farbig.geaendert-2.png\",\"width\":500,\"height\":412},{\"@type\":\"WebPage\",\"@id\":\"https:\/\/dialogbrhv.de\/index.php\/2019\/11\/03\/friedensklima\/#webpage\",\"url\":\"https:\/\/dialogbrhv.de\/index.php\/2019\/11\/03\/friedensklima\/\",\"name\":\"Friedensklima - Dialog - Verein f\u00fcr gleiche Rechte e.V.\",\"isPartOf\":{\"@id\":\"http:\/\/dialogbrhv.de\/#website\"},\"primaryImageOfPage\":{\"@id\":\"https:\/\/dialogbrhv.de\/index.php\/2019\/11\/03\/friedensklima\/#primaryimage\"},\"datePublished\":\"2019-11-03T14:56:24+00:00\",\"dateModified\":\"2021-08-07T05:01:04+00:00\",\"breadcrumb\":{\"@id\":\"https:\/\/dialogbrhv.de\/index.php\/2019\/11\/03\/friedensklima\/#breadcrumb\"},\"inLanguage\":\"de-DE\",\"potentialAction\":[{\"@type\":\"ReadAction\",\"target\":[\"https:\/\/dialogbrhv.de\/index.php\/2019\/11\/03\/friedensklima\/\"]}]},{\"@type\":\"BreadcrumbList\",\"@id\":\"https:\/\/dialogbrhv.de\/index.php\/2019\/11\/03\/friedensklima\/#breadcrumb\",\"itemListElement\":[{\"@type\":\"ListItem\",\"position\":1,\"name\":\"Startseite\",\"item\":\"http:\/\/dialogbrhv.de\/\"},{\"@type\":\"ListItem\",\"position\":2,\"name\":\"Friedensklima\"}]},{\"@type\":\"Article\",\"@id\":\"https:\/\/dialogbrhv.de\/index.php\/2019\/11\/03\/friedensklima\/#article\",\"isPartOf\":{\"@id\":\"https:\/\/dialogbrhv.de\/index.php\/2019\/11\/03\/friedensklima\/#webpage\"},\"author\":{\"@id\":\"http:\/\/dialogbrhv.de\/#\/schema\/person\/8ce1189c87e7351176903d93a9d80b34\"},\"headline\":\"Friedensklima\",\"datePublished\":\"2019-11-03T14:56:24+00:00\",\"dateModified\":\"2021-08-07T05:01:04+00:00\",\"mainEntityOfPage\":{\"@id\":\"https:\/\/dialogbrhv.de\/index.php\/2019\/11\/03\/friedensklima\/#webpage\"},\"wordCount\":89,\"publisher\":{\"@id\":\"http:\/\/dialogbrhv.de\/#organization\"},\"image\":{\"@id\":\"https:\/\/dialogbrhv.de\/index.php\/2019\/11\/03\/friedensklima\/#primaryimage\"},\"thumbnailUrl\":\"https:\/\/dialogbrhv.de\/wp-content\/uploads\/2019\/10\/Logo_BBB_weiss_mitHG-rotated-farbig.geaendert-2.png\",\"articleSection\":{\"1\":\"Uncategorized\"},\"inLanguage\":\"de-DE\"},{\"@type\":\"Person\",\"@id\":\"http:\/\/dialogbrhv.de\/#\/schema\/person\/8ce1189c87e7351176903d93a9d80b34\",\"name\":\"Rainer Piechura\",\"image\":{\"@type\":\"ImageObject\",\"@id\":\"http:\/\/dialogbrhv.de\/#personlogo\",\"inLanguage\":\"de-DE\",\"url\":\"https:\/\/dialogbrhv.de\/wp-content\/plugins\/wp-user-avatar\/deprecated\/wp-user-avatar\/images\/wpua-96x96.png\",\"contentUrl\":\"https:\/\/dialogbrhv.de\/wp-content\/plugins\/wp-user-avatar\/deprecated\/wp-user-avatar\/images\/wpua-96x96.png\",\"caption\":\"Rainer Piechura\"},\"url\":\"https:\/\/dialogbrhv.de\/index.php\/author\/rainer\/\"}]}<\/script>\n<!-- \/ Yoast SEO plugin. -->","yoast_head_json":{"title":"Friedensklima - Dialog - Verein f\u00fcr gleiche Rechte e.V.","robots":{"index":"index","follow":"follow","max-snippet":"max-snippet:-1","max-image-preview":"max-image-preview:large","max-video-preview":"max-video-preview:-1"},"canonical":"https:\/\/dialogbrhv.de\/index.php\/2019\/11\/03\/friedensklima\/","og_locale":"de_DE","og_type":"article","og_title":"Friedensklima - Dialog - Verein f\u00fcr gleiche Rechte e.V.","og_description":"Morgen startet die gemeinsame Veranstaltungsreihe von Evangelischer Dionysiusgemeinde Lehe, Evangelischer Jugend Bremerhaven und dem Aktionsb\u00fcndnis gegen Rechts # WIR SIND","og_url":"https:\/\/dialogbrhv.de\/index.php\/2019\/11\/03\/friedensklima\/","og_site_name":"Dialog - Verein f\u00fcr gleiche Rechte e.V.","article_published_time":"2019-11-03T14:56:24+00:00","article_modified_time":"2021-08-07T05:01:04+00:00","og_image":[{"width":500,"height":412,"url":"https:\/\/dialogbrhv.de\/wp-content\/uploads\/2019\/10\/Logo_BBB_weiss_mitHG-rotated-farbig.geaendert-2.png","type":"image\/png"}],"twitter_card":"summary_large_image","twitter_misc":{"Verfasst von":"Rainer Piechura"},"schema":{"@context":"https:\/\/schema.org","@graph":[{"@type":"Organization","@id":"http:\/\/dialogbrhv.de\/#organization","name":"DIALOG - Verein f\u00fcr gleiche Rechte e.V.","url":"http:\/\/dialogbrhv.de\/","sameAs":[],"logo":{"@type":"ImageObject","@id":"http:\/\/dialogbrhv.de\/#logo","inLanguage":"de-DE","url":"https:\/\/dialogbrhv.de\/wp-content\/uploads\/2019\/09\/dialog_logo_v3.0_text_ausrichtungen_grundvorlage_dialog_normal_textstil1_17cm_stern_globus.svg_.png","contentUrl":"https:\/\/dialogbrhv.de\/wp-content\/uploads\/2019\/09\/dialog_logo_v3.0_text_ausrichtungen_grundvorlage_dialog_normal_textstil1_17cm_stern_globus.svg_.png","width":211,"height":214,"caption":"DIALOG - Verein f\u00fcr gleiche Rechte e.V."},"image":{"@id":"http:\/\/dialogbrhv.de\/#logo"}},{"@type":"WebSite","@id":"http:\/\/dialogbrhv.de\/#website","url":"http:\/\/dialogbrhv.de\/","name":"Dialog - Verein f\u00fcr gleiche Rechte e.V.","description":"","publisher":{"@id":"http:\/\/dialogbrhv.de\/#organization"},"potentialAction":[{"@type":"SearchAction","target":{"@type":"EntryPoint","urlTemplate":"http:\/\/dialogbrhv.de\/?s={search_term_string}"},"query-input":"required name=search_term_string"}],"inLanguage":"de-DE"},{"@type":"ImageObject","@id":"https:\/\/dialogbrhv.de\/index.php\/2019\/11\/03\/friedensklima\/#primaryimage","inLanguage":"de-DE","url":"https:\/\/dialogbrhv.de\/wp-content\/uploads\/2019\/10\/Logo_BBB_weiss_mitHG-rotated-farbig.geaendert-2.png","contentUrl":"https:\/\/dialogbrhv.de\/wp-content\/uploads\/2019\/10\/Logo_BBB_weiss_mitHG-rotated-farbig.geaendert-2.png","width":500,"height":412},{"@type":"WebPage","@id":"https:\/\/dialogbrhv.de\/index.php\/2019\/11\/03\/friedensklima\/#webpage","url":"https:\/\/dialogbrhv.de\/index.php\/2019\/11\/03\/friedensklima\/","name":"Friedensklima - Dialog - Verein f\u00fcr gleiche Rechte e.V.","isPartOf":{"@id":"http:\/\/dialogbrhv.de\/#website"},"primaryImageOfPage":{"@id":"https:\/\/dialogbrhv.de\/index.php\/2019\/11\/03\/friedensklima\/#primaryimage"},"datePublished":"2019-11-03T14:56:24+00:00","dateModified":"2021-08-07T05:01:04+00:00","breadcrumb":{"@id":"https:\/\/dialogbrhv.de\/index.php\/2019\/11\/03\/friedensklima\/#breadcrumb"},"inLanguage":"de-DE","potentialAction":[{"@type":"ReadAction","target":["https:\/\/dialogbrhv.de\/index.php\/2019\/11\/03\/friedensklima\/"]}]},{"@type":"BreadcrumbList","@id":"https:\/\/dialogbrhv.de\/index.php\/2019\/11\/03\/friedensklima\/#breadcrumb","itemListElement":[{"@type":"ListItem","position":1,"name":"Startseite","item":"http:\/\/dialogbrhv.de\/"},{"@type":"ListItem","position":2,"name":"Friedensklima"}]},{"@type":"Article","@id":"https:\/\/dialogbrhv.de\/index.php\/2019\/11\/03\/friedensklima\/#article","isPartOf":{"@id":"https:\/\/dialogbrhv.de\/index.php\/2019\/11\/03\/friedensklima\/#webpage"},"author":{"@id":"http:\/\/dialogbrhv.de\/#\/schema\/person\/8ce1189c87e7351176903d93a9d80b34"},"headline":"Friedensklima","datePublished":"2019-11-03T14:56:24+00:00","dateModified":"2021-08-07T05:01:04+00:00","mainEntityOfPage":{"@id":"https:\/\/dialogbrhv.de\/index.php\/2019\/11\/03\/friedensklima\/#webpage"},"wordCount":89,"publisher":{"@id":"http:\/\/dialogbrhv.de\/#organization"},"image":{"@id":"https:\/\/dialogbrhv.de\/index.php\/2019\/11\/03\/friedensklima\/#primaryimage"},"thumbnailUrl":"https:\/\/dialogbrhv.de\/wp-content\/uploads\/2019\/10\/Logo_BBB_weiss_mitHG-rotated-farbig.geaendert-2.png","articleSection":{"1":"Uncategorized"},"inLanguage":"de-DE"},{"@type":"Person","@id":"http:\/\/dialogbrhv.de\/#\/schema\/person\/8ce1189c87e7351176903d93a9d80b34","name":"Rainer Piechura","image":{"@type":"ImageObject","@id":"http:\/\/dialogbrhv.de\/#personlogo","inLanguage":"de-DE","url":"https:\/\/dialogbrhv.de\/wp-content\/plugins\/wp-user-avatar\/deprecated\/wp-user-avatar\/images\/wpua-96x96.png","contentUrl":"https:\/\/dialogbrhv.de\/wp-content\/plugins\/wp-user-avatar\/deprecated\/wp-user-avatar\/images\/wpua-96x96.png","caption":"Rainer Piechura"},"url":"https:\/\/dialogbrhv.de\/index.php\/author\/rainer\/"}]}},"jetpack_featured_media_url":"https:\/\/dialogbrhv.de\/wp-content\/uploads\/2019\/10\/Logo_BBB_weiss_mitHG-rotated-farbig.geaendert-2.png","jetpack_publicize_connections":[],"_links":{"self":[{"href":"https:\/\/dialogbrhv.de\/index.php\/wp-json\/wp\/v2\/posts\/1042"}],"collection":[{"href":"https:\/\/dialogbrhv.de\/index.php\/wp-json\/wp\/v2\/posts"}],"about":[{"href":"https:\/\/dialogbrhv.de\/index.php\/wp-json\/wp\/v2\/types\/post"}],"author":[{"embeddable":true,"href":"https:\/\/dialogbrhv.de\/index.php\/wp-json\/wp\/v2\/users\/1"}],"replies":[{"embeddable":true,"href":"https:\/\/dialogbrhv.de\/index.php\/wp-json\/wp\/v2\/comments?post=1042"}],"version-history":[{"count":5,"href":"https:\/\/dialogbrhv.de\/index.php\/wp-json\/wp\/v2\/posts\/1042\/revisions"}],"predecessor-version":[{"id":1073,"href":"https:\/\/dialogbrhv.de\/index.php\/wp-json\/wp\/v2\/posts\/1042\/revisions\/1073"}],"wp:featuredmedia":[{"embeddable":true,"href":"https:\/\/dialogbrhv.de\/index.php\/wp-json\/wp\/v2\/media\/1000"}],"wp:attachment":[{"href":"https:\/\/dialogbrhv.de\/index.php\/wp-json\/wp\/v2\/media?parent=1042"}],"wp:term":[{"taxonomy":"category","embeddable":true,"href":"https:\/\/dialogbrhv.de\/index.php\/wp-json\/wp\/v2\/categories?post=1042"},{"taxonomy":"post_tag","embeddable":true,"href":"https:\/\/dialogbrhv.de\/index.php\/wp-json\/wp\/v2\/tags?post=1042"}],"curies":[{"name":"wp","href":"https:\/\/api.w.org\/{rel}","templated":true}]}}